{"id":23199,"date":"2026-01-30T19:44:10","date_gmt":"2026-01-30T22:44:10","guid":{"rendered":"https:\/\/laserenaradio.cl\/web\/?p=23199"},"modified":"2026-01-30T19:44:10","modified_gmt":"2026-01-30T22:44:10","slug":"corte-de-suministro-electrico-afecta-a-79-clientes-en-ovalle","status":"publish","type":"post","link":"https:\/\/laserenaradio.cl\/web\/2026\/01\/30\/corte-de-suministro-electrico-afecta-a-79-clientes-en-ovalle\/","title":{"rendered":"Corte de suministro el\u00e9ctrico afecta a 79 clientes en Ovalle"},"content":{"rendered":"<p>Se ha reportado un corte de energ\u00eda de emergencia en la comuna de Ovalle.<\/p>\n<p>Seg\u00fan la informaci\u00f3n proporcionada por CGE, el incidente afecta actualmente a 79 clientes.<\/p>\n<p>La zona afectada comprende los sectores de: Arizt\u00eda Oriente, Poblaci\u00f3n Arizt\u00eda, Ovalle, Provincia de Limar\u00ed, Regi\u00f3n de Coquimbo, 1840612, Chile<\/p>\n<p>Detalle t\u00e9cnico: Clientes afectados: 79<br \/>Restauraci&#243;n estimada: 31\/01\/2026 02:00 hrs<\/p>\n<p>Recomendaciones<\/p>\n<p>Mantenga sus dispositivos cargados y evite abrir refrigeradores innecesariamente para conservar el fr\u00edo.<\/p>\n","protected":false},"excerpt":{"rendered":"<p>Se ha reportado un corte de energ\u00eda de emergencia en la comuna de Ovalle. Seg\u00fan la informaci\u00f3n proporcionada por CGE, el incidente afecta actualmente a 79 clientes. La zona afectada comprende los sectores de: Arizt\u00eda Oriente, Poblaci\u00f3n Arizt\u00eda, Ovalle, Provincia de Limar\u00ed, Regi\u00f3n de Coquimbo, 1840612, Chile Detalle t\u00e9cnico: Clientes afectados: 79Restauraci&#243;n estimada: 31\/01\/2026 02:00 [&hellip;]<\/p>\n","protected":false},"author":2,"featured_media":23198,"comment_status":"closed","ping_status":"open","sticky":false,"template":"","format":"standard","meta":{"_jetpack_memberships_contains_paid_content":false,"jnews-multi-image_gallery":[],"jnews_single_post":[],"jnews_primary_category":[],"jnews_social_meta":[],"jnews_paywall_metabox":[],"jnews_review":[],"enable_review":"","type":"","name":"","summary":"","brand":"","sku":"","good":[],"bad":[],"score_override":"","override_value":"","rating":[],"price":[],"jnews_override_counter":[],"jnews_post_split":[],"footnotes":""},"categories":[21],"tags":[],"class_list":["post-23199","post","type-post","status-publish","format-standard","has-post-thumbnail","hentry","category-nacional"],"jetpack_featured_media_url":"https:\/\/laserenaradio.cl\/web\/wp-content\/uploads\/2026\/01\/mediapiaiextstaticimg_cgecorte_cge_30603167119678.webp","jetpack_sharing_enabled":true,"_links":{"self":[{"href":"https:\/\/laserenaradio.cl\/web\/wp-json\/wp\/v2\/posts\/23199","targetHints":{"allow":["GET"]}}],"collection":[{"href":"https:\/\/laserenaradio.cl\/web\/wp-json\/wp\/v2\/posts"}],"about":[{"href":"https:\/\/laserenaradio.cl\/web\/wp-json\/wp\/v2\/types\/post"}],"author":[{"embeddable":true,"href":"https:\/\/laserenaradio.cl\/web\/wp-json\/wp\/v2\/users\/2"}],"replies":[{"embeddable":true,"href":"https:\/\/laserenaradio.cl\/web\/wp-json\/wp\/v2\/comments?post=23199"}],"version-history":[{"count":1,"href":"https:\/\/laserenaradio.cl\/web\/wp-json\/wp\/v2\/posts\/23199\/revisions"}],"predecessor-version":[{"id":23200,"href":"https:\/\/laserenaradio.cl\/web\/wp-json\/wp\/v2\/posts\/23199\/revisions\/23200"}],"wp:featuredmedia":[{"embeddable":true,"href":"https:\/\/laserenaradio.cl\/web\/wp-json\/wp\/v2\/media\/23198"}],"wp:attachment":[{"href":"https:\/\/laserenaradio.cl\/web\/wp-json\/wp\/v2\/media?parent=23199"}],"wp:term":[{"taxonomy":"category","embeddable":true,"href":"https:\/\/laserenaradio.cl\/web\/wp-json\/wp\/v2\/categories?post=23199"},{"taxonomy":"post_tag","embeddable":true,"href":"https:\/\/laserenaradio.cl\/web\/wp-json\/wp\/v2\/tags?post=23199"}],"curies":[{"name":"wp","href":"https:\/\/api.w.org\/{rel}","templated":true}]}}