{"id":23194,"date":"2026-01-30T16:15:53","date_gmt":"2026-01-30T19:15:53","guid":{"rendered":"https:\/\/laserenaradio.cl\/web\/?p=23194"},"modified":"2026-01-30T16:15:53","modified_gmt":"2026-01-30T19:15:53","slug":"accidente-de-camion-en-antofagasta-conductor-muere-al-volcarse-transporte-de-acido-sulfurico","status":"publish","type":"post","link":"https:\/\/laserenaradio.cl\/web\/2026\/01\/30\/accidente-de-camion-en-antofagasta-conductor-muere-al-volcarse-transporte-de-acido-sulfurico\/","title":{"rendered":"Accidente de cami\u00f3n en Antofagasta: conductor muere al volcarse transporte de \u00e1cido sulf\u00farico"},"content":{"rendered":"<p>Un grave accidente de tr\u00e1nsito se registr\u00f3 durante la madrugada en la Ruta B-12, a la altura del kil\u00f3metro 97, en la regi\u00f3n de Antofagasta. El hecho ocurri\u00f3 cerca de las 01:00 horas, cuando el veh\u00edculo de carga pesado volc\u00f3, lo que llev\u00f3 al fallecimiento del conductor boliviano.<\/p>\n<p>Seg\u00fan los antecedentes preliminares entregados por <a href=\"https:\/\/www.carabineros.cl\/\">Carabineros<\/a>, el conductor no contaba con licencia de conducir y su identidad a\u00fan se mantiene en investigaci\u00f3n. <\/p>\n<p>No se registraron derrames de \u00e1cido sulf\u00farico en la calzada, lo que descart\u00f3 un riesgo inmediato para la poblaci\u00f3n o el medio ambiente. Sin embargo, autoridades realizaron labores de limpieza, control del sector y aseguramiento del \u00e1rea.<\/p>\n<p>Las autoridades tambi\u00e9n llevaron a cabo pericias t\u00e9cnicas correspondientes y mantuvieron la v\u00eda cerrada hasta que se resolvieran los asuntos legales relacionados con el accidente. <\/p>\n<p>La Ruta B-12 conecta las comunas de Tocopilla y Mejillones, atravesando sectores interiores de la regi\u00f3n, siendo una v\u00eda estrat\u00e9gica para el tr\u00e1nsito de veh\u00edculos de carga pesada y transporte de sustancias peligrosas.<\/p>\n<p>Este accidente resalta la importancia de los protocolos de seguridad asociados a la conducci\u00f3n de camiones transportadores de \u00e1cido sulf\u00farico en rutas transitadas.<\/p>\n","protected":false},"excerpt":{"rendered":"<p>Un grave accidente de tr\u00e1nsito se registr\u00f3 durante la madrugada en la Ruta B-12, a la altura del kil\u00f3metro 97, en la regi\u00f3n de Antofagasta. El hecho ocurri\u00f3 cerca de las 01:00 horas, cuando el veh\u00edculo de carga pesado volc\u00f3, lo que llev\u00f3 al fallecimiento del conductor boliviano. Seg\u00fan los antecedentes preliminares entregados por Carabineros, [&hellip;]<\/p>\n","protected":false},"author":2,"featured_media":23193,"comment_status":"closed","ping_status":"open","sticky":false,"template":"","format":"standard","meta":{"_jetpack_memberships_contains_paid_content":false,"jnews-multi-image_gallery":[],"jnews_single_post":[],"jnews_primary_category":[],"jnews_social_meta":[],"jnews_paywall_metabox":[],"jnews_review":[],"enable_review":"","type":"","name":"","summary":"","brand":"","sku":"","good":[],"bad":[],"score_override":"","override_value":"","rating":[],"price":[],"jnews_override_counter":[],"jnews_post_split":[],"footnotes":""},"categories":[21],"tags":[],"class_list":["post-23194","post","type-post","status-publish","format-standard","has-post-thumbnail","hentry","category-nacional"],"jetpack_featured_media_url":"https:\/\/laserenaradio.cl\/web\/wp-content\/uploads\/2026\/01\/mediapiaiextstaticimg_webpaccidenteconductorAntofagastacarga_1.webp","jetpack_sharing_enabled":true,"_links":{"self":[{"href":"https:\/\/laserenaradio.cl\/web\/wp-json\/wp\/v2\/posts\/23194","targetHints":{"allow":["GET"]}}],"collection":[{"href":"https:\/\/laserenaradio.cl\/web\/wp-json\/wp\/v2\/posts"}],"about":[{"href":"https:\/\/laserenaradio.cl\/web\/wp-json\/wp\/v2\/types\/post"}],"author":[{"embeddable":true,"href":"https:\/\/laserenaradio.cl\/web\/wp-json\/wp\/v2\/users\/2"}],"replies":[{"embeddable":true,"href":"https:\/\/laserenaradio.cl\/web\/wp-json\/wp\/v2\/comments?post=23194"}],"version-history":[{"count":1,"href":"https:\/\/laserenaradio.cl\/web\/wp-json\/wp\/v2\/posts\/23194\/revisions"}],"predecessor-version":[{"id":23195,"href":"https:\/\/laserenaradio.cl\/web\/wp-json\/wp\/v2\/posts\/23194\/revisions\/23195"}],"wp:featuredmedia":[{"embeddable":true,"href":"https:\/\/laserenaradio.cl\/web\/wp-json\/wp\/v2\/media\/23193"}],"wp:attachment":[{"href":"https:\/\/laserenaradio.cl\/web\/wp-json\/wp\/v2\/media?parent=23194"}],"wp:term":[{"taxonomy":"category","embeddable":true,"href":"https:\/\/laserenaradio.cl\/web\/wp-json\/wp\/v2\/categories?post=23194"},{"taxonomy":"post_tag","embeddable":true,"href":"https:\/\/laserenaradio.cl\/web\/wp-json\/wp\/v2\/tags?post=23194"}],"curies":[{"name":"wp","href":"https:\/\/api.w.org\/{rel}","templated":true}]}}