{"id":23177,"date":"2026-01-30T10:59:12","date_gmt":"2026-01-30T13:59:12","guid":{"rendered":"https:\/\/laserenaradio.cl\/web\/?p=23177"},"modified":"2026-01-30T10:59:12","modified_gmt":"2026-01-30T13:59:12","slug":"extraditaran-al-imputado-martin-de-los-santos-a-chile","status":"publish","type":"post","link":"https:\/\/laserenaradio.cl\/web\/2026\/01\/30\/extraditaran-al-imputado-martin-de-los-santos-a-chile\/","title":{"rendered":"Extraditar\u00e1n al imputado Mart\u00edn de Los Santos a Chile"},"content":{"rendered":"<p>Mart\u00edn de Los Santos, imputado por agredir a un conserje de 71 a\u00f1os en Vitacura, solicit\u00f3 acelerar su extradici\u00f3n a Chile. La Corte Suprema de Brasil ya aprob\u00f3 el proceso. Juan Pablo Glasinovic, director de la Unidad de Cooperaci\u00f3n Internacional y Extradiciones (UCIEX) de la <a href=\"https:\/\/www.fiscaliadechile.cl\/\">Fiscal\u00eda<\/a> Nacional, explic\u00f3 que la extradici\u00f3n fue confirmada diplomat\u00edcamente y se encuentra en su fase final.<\/p>\n<p>De Los Santos renunci\u00f3 a sus derechos de juzgamiento y apelaci\u00f3n, aceptando la extradici\u00f3n por razones personales. Su estado de salud y las condiciones carcelarias fueron motivos para acelerar el tr\u00e1mite formal. El traslado de De Los Santos se espera que se concrete en un plazo cercano.<\/p>\n<p>En mayo del a\u00f1o en curso, agredi\u00f3 a un conserje durante una revisi\u00f3n por el per\u00edmetro del edificio ubicado en Eduardo Marquina. Fue formalizado por lesiones graves y maltrato a obra policial. Luego enfrent\u00f3 audiencias para revisar medidas cautelares, culminando con la prisi\u00f3n preventiva.<\/p>\n<p>Tras su detenci\u00f3n en Cuiab\u00e1, Brasil, se inici\u00f3 el proceso de solicitud de extradici\u00f3n, que fue aprobado por los tribunales chilenos. La notificaci\u00f3n oficial al Ministerio de Justicia y posterior procedimiento se espera para darle paso al plazo establecido por el Mercosur de 60 d\u00edas desde la notificaci\u00f3n.<\/p>\n<p>Todo comienza con la agresi\u00f3n en Vitacura, donde De Los Santos enfrent\u00f3 justicia por sus acciones contra un adulto mayor.<\/p>\n","protected":false},"excerpt":{"rendered":"<p>Mart\u00edn de Los Santos, imputado por agredir a un conserje de 71 a\u00f1os en Vitacura, solicit\u00f3 acelerar su extradici\u00f3n a Chile. La Corte Suprema de Brasil ya aprob\u00f3 el proceso. Juan Pablo Glasinovic, director de la Unidad de Cooperaci\u00f3n Internacional y Extradiciones (UCIEX) de la Fiscal\u00eda Nacional, explic\u00f3 que la extradici\u00f3n fue confirmada diplomat\u00edcamente y [&hellip;]<\/p>\n","protected":false},"author":2,"featured_media":23176,"comment_status":"closed","ping_status":"open","sticky":false,"template":"","format":"standard","meta":{"_jetpack_memberships_contains_paid_content":false,"jnews-multi-image_gallery":[],"jnews_single_post":[],"jnews_primary_category":[],"jnews_social_meta":[],"jnews_paywall_metabox":[],"jnews_review":[],"enable_review":"","type":"","name":"","summary":"","brand":"","sku":"","good":[],"bad":[],"score_override":"","override_value":"","rating":[],"price":[],"jnews_override_counter":[],"jnews_post_split":[],"footnotes":""},"categories":[21],"tags":[],"class_list":["post-23177","post","type-post","status-publish","format-standard","has-post-thumbnail","hentry","category-nacional"],"jetpack_featured_media_url":"https:\/\/laserenaradio.cl\/web\/wp-content\/uploads\/2026\/01\/mediapiaiextstaticimg_webpimputadoconserjeVitacuraacelerar_1.webp","jetpack_sharing_enabled":true,"_links":{"self":[{"href":"https:\/\/laserenaradio.cl\/web\/wp-json\/wp\/v2\/posts\/23177","targetHints":{"allow":["GET"]}}],"collection":[{"href":"https:\/\/laserenaradio.cl\/web\/wp-json\/wp\/v2\/posts"}],"about":[{"href":"https:\/\/laserenaradio.cl\/web\/wp-json\/wp\/v2\/types\/post"}],"author":[{"embeddable":true,"href":"https:\/\/laserenaradio.cl\/web\/wp-json\/wp\/v2\/users\/2"}],"replies":[{"embeddable":true,"href":"https:\/\/laserenaradio.cl\/web\/wp-json\/wp\/v2\/comments?post=23177"}],"version-history":[{"count":1,"href":"https:\/\/laserenaradio.cl\/web\/wp-json\/wp\/v2\/posts\/23177\/revisions"}],"predecessor-version":[{"id":23178,"href":"https:\/\/laserenaradio.cl\/web\/wp-json\/wp\/v2\/posts\/23177\/revisions\/23178"}],"wp:featuredmedia":[{"embeddable":true,"href":"https:\/\/laserenaradio.cl\/web\/wp-json\/wp\/v2\/media\/23176"}],"wp:attachment":[{"href":"https:\/\/laserenaradio.cl\/web\/wp-json\/wp\/v2\/media?parent=23177"}],"wp:term":[{"taxonomy":"category","embeddable":true,"href":"https:\/\/laserenaradio.cl\/web\/wp-json\/wp\/v2\/categories?post=23177"},{"taxonomy":"post_tag","embeddable":true,"href":"https:\/\/laserenaradio.cl\/web\/wp-json\/wp\/v2\/tags?post=23177"}],"curies":[{"name":"wp","href":"https:\/\/api.w.org\/{rel}","templated":true}]}}