{"id":23174,"date":"2026-01-30T09:59:45","date_gmt":"2026-01-30T12:59:45","guid":{"rendered":"https:\/\/laserenaradio.cl\/web\/?p=23174"},"modified":"2026-01-30T09:59:45","modified_gmt":"2026-01-30T12:59:45","slug":"cuatro-homicidios-en-24-horas-en-la-region-metropolitana","status":"publish","type":"post","link":"https:\/\/laserenaradio.cl\/web\/2026\/01\/30\/cuatro-homicidios-en-24-horas-en-la-region-metropolitana\/","title":{"rendered":"Cuatro homicidios en 24 horas en la Regi\u00f3n Metropolitana"},"content":{"rendered":"<p>Una violenta noche vivi\u00f3 la regi\u00f3n Metropolitana con varios asesinatos ocurridos durante las \u00faltimas horas. En la madrugada del viernes, un crimen se produjo en el pasaje El Greco, Estaci\u00f3n Central.<\/p>\n<p>Un grupo de chilenos y uno colombiano compart\u00edan en las afueras de un domicilio cuando llegaron individuos indeterminados portando armas de fuego. Este grupo dispar\u00f3 al menos 25 veces contra los presentes.<\/p>\n<p>El colombiano falleci\u00f3 instant\u00e1neamente, mientras que dos chilenos fueron trasladados a centros asistenciales; uno se encuentra en riesgo vital.<\/p>\n<p>El fiscal ECOH Rub\u00e9n Salas confirm\u00f3 la nacionalidad del fallecido y el n\u00famero de disparos. El OS9 y el Laboratorio de Criminal\u00edstica de <a href=\"https:\/\/www.carabineros.cl\/\">Carabineros<\/a> trabajan para recolectar evidencia.<\/p>\n<p>Por ahora, no se descarta que este asesinato sea resultado de ajuste de cuentas entre bandas rivales o un homicidio planificado.<\/p>\n<p>En la noche, la regi\u00f3n Metropolitana registr\u00f3 el cuarto asesinato, despu\u00e9s de cr\u00edmenes en la Vega Central y una plaza en La Pintana. En la semana anterior, se suman m\u00e1s casos: un triple homicidio en La Florida, otro asesinato en Estaci\u00f3n Central y la muerte de un hombre en la plaza Santa Ana de Santiago.<\/p>\n","protected":false},"excerpt":{"rendered":"<p>Una violenta noche vivi\u00f3 la regi\u00f3n Metropolitana con varios asesinatos ocurridos durante las \u00faltimas horas. En la madrugada del viernes, un crimen se produjo en el pasaje El Greco, Estaci\u00f3n Central. Un grupo de chilenos y uno colombiano compart\u00edan en las afueras de un domicilio cuando llegaron individuos indeterminados portando armas de fuego. Este grupo [&hellip;]<\/p>\n","protected":false},"author":2,"featured_media":23173,"comment_status":"closed","ping_status":"open","sticky":false,"template":"","format":"standard","meta":{"_jetpack_memberships_contains_paid_content":false,"jnews-multi-image_gallery":[],"jnews_single_post":[],"jnews_primary_category":[],"jnews_social_meta":[],"jnews_paywall_metabox":[],"jnews_review":[],"enable_review":"","type":"","name":"","summary":"","brand":"","sku":"","good":[],"bad":[],"score_override":"","override_value":"","rating":[],"price":[],"jnews_override_counter":[],"jnews_post_split":[],"footnotes":""},"categories":[21],"tags":[],"class_list":["post-23174","post","type-post","status-publish","format-standard","has-post-thumbnail","hentry","category-nacional"],"jetpack_featured_media_url":"https:\/\/laserenaradio.cl\/web\/wp-content\/uploads\/2026\/01\/mediapiaiextstaticimg_webpMetropolitanaasesinatonochehoras_0.webp","jetpack_sharing_enabled":true,"_links":{"self":[{"href":"https:\/\/laserenaradio.cl\/web\/wp-json\/wp\/v2\/posts\/23174","targetHints":{"allow":["GET"]}}],"collection":[{"href":"https:\/\/laserenaradio.cl\/web\/wp-json\/wp\/v2\/posts"}],"about":[{"href":"https:\/\/laserenaradio.cl\/web\/wp-json\/wp\/v2\/types\/post"}],"author":[{"embeddable":true,"href":"https:\/\/laserenaradio.cl\/web\/wp-json\/wp\/v2\/users\/2"}],"replies":[{"embeddable":true,"href":"https:\/\/laserenaradio.cl\/web\/wp-json\/wp\/v2\/comments?post=23174"}],"version-history":[{"count":1,"href":"https:\/\/laserenaradio.cl\/web\/wp-json\/wp\/v2\/posts\/23174\/revisions"}],"predecessor-version":[{"id":23175,"href":"https:\/\/laserenaradio.cl\/web\/wp-json\/wp\/v2\/posts\/23174\/revisions\/23175"}],"wp:featuredmedia":[{"embeddable":true,"href":"https:\/\/laserenaradio.cl\/web\/wp-json\/wp\/v2\/media\/23173"}],"wp:attachment":[{"href":"https:\/\/laserenaradio.cl\/web\/wp-json\/wp\/v2\/media?parent=23174"}],"wp:term":[{"taxonomy":"category","embeddable":true,"href":"https:\/\/laserenaradio.cl\/web\/wp-json\/wp\/v2\/categories?post=23174"},{"taxonomy":"post_tag","embeddable":true,"href":"https:\/\/laserenaradio.cl\/web\/wp-json\/wp\/v2\/tags?post=23174"}],"curies":[{"name":"wp","href":"https:\/\/api.w.org\/{rel}","templated":true}]}}