{"id":23136,"date":"2026-01-29T13:31:48","date_gmt":"2026-01-29T16:31:48","guid":{"rendered":"https:\/\/laserenaradio.cl\/web\/?p=23136"},"modified":"2026-01-29T13:31:48","modified_gmt":"2026-01-29T16:31:48","slug":"cuerpo-de-adulto-mayor-encontrado-flotando-en-el-rio-chillan","status":"publish","type":"post","link":"https:\/\/laserenaradio.cl\/web\/2026\/01\/29\/cuerpo-de-adulto-mayor-encontrado-flotando-en-el-rio-chillan\/","title":{"rendered":"Cuerpo de adulto mayor encontrado flotando en el r\u00edo Chill\u00e1n"},"content":{"rendered":"<p>El cuerpo de un adulto mayor fue encontrado flotando en el r\u00edo Chill\u00e1n, ubicado en Chill\u00e1n Viejo, siendo rescatado por personal de emergencias. Seg\u00fan report\u00f3 Radio B\u00edo B\u00edo, la fiscal\u00eda de \u00d1uble instruy\u00f3 pericias para localizar a sus familiares. El hallazgo se produjo cerca del puente El Diablo, sin que se registraran denuncias previas sobre desgracias en la zona.<\/p>\n<p>Vecinos del sector informaron inicialmente al equipo de rescate, logrando que <a href=\"https:\/\/www.bomberos.cl\/\">Bomberos<\/a> y <a href=\"https:\/\/www.carabineros.cl\/\">Carabineros<\/a> sacaran el cuerpo del cauce. &#8220;Aparentemente, seg\u00fan el examen preliminar del cuerpo, no habr\u00eda intervenci\u00f3n de terceros en el deceso&#8221;, detall\u00f3 la fiscal de Chill\u00e1n, Nadia Espinoza Caro.<\/p>\n<p>Las pericias se realizan por el <a href=\"http:\/\/www.sml.gob.cl\/\">Servicio M\u00e9dico Legal<\/a> para establecer la causa exacta de la muerte. Presumiblemente puede ser asfixia por inmersi\u00f3n, al haber ca\u00eddo al r\u00edo en alguna forma. Se desconoce si esto ocurri\u00f3 debido a la ingesta de sustancias o alg\u00fan hecho accidental.<\/p>\n<p>En cuanto a las investigaciones, concluy\u00f3 que &#8220;todas estas hip\u00f3tesis se est\u00e1n barajando y ser\u00e1n analizadas con el informe del <a href=\"http:\/\/www.sml.gob.cl\/\">Servicio M\u00e9dico Legal<\/a>&#8220;. Asimismo, a\u00f1adi\u00f3 que las diligencias quedaron en manos del OS9 y Labocar de <a href=\"https:\/\/www.carabineros.cl\/\">Carabineros<\/a>.<\/p>\n","protected":false},"excerpt":{"rendered":"<p>El cuerpo de un adulto mayor fue encontrado flotando en el r\u00edo Chill\u00e1n, ubicado en Chill\u00e1n Viejo, siendo rescatado por personal de emergencias. Seg\u00fan report\u00f3 Radio B\u00edo B\u00edo, la fiscal\u00eda de \u00d1uble instruy\u00f3 pericias para localizar a sus familiares. El hallazgo se produjo cerca del puente El Diablo, sin que se registraran denuncias previas sobre [&hellip;]<\/p>\n","protected":false},"author":2,"featured_media":23135,"comment_status":"closed","ping_status":"open","sticky":false,"template":"","format":"standard","meta":{"_jetpack_memberships_contains_paid_content":false,"jnews-multi-image_gallery":[],"jnews_single_post":[],"jnews_primary_category":[],"jnews_social_meta":[],"jnews_paywall_metabox":[],"jnews_review":[],"enable_review":"","type":"","name":"","summary":"","brand":"","sku":"","good":[],"bad":[],"score_override":"","override_value":"","rating":[],"price":[],"jnews_override_counter":[],"jnews_post_split":[],"footnotes":""},"categories":[21],"tags":[],"class_list":["post-23136","post","type-post","status-publish","format-standard","has-post-thumbnail","hentry","category-nacional"],"jetpack_featured_media_url":"https:\/\/laserenaradio.cl\/web\/wp-content\/uploads\/2026\/01\/mediapiaiextstaticimg_webpcuerpoadultomayorencontrado_0.webp","jetpack_sharing_enabled":true,"_links":{"self":[{"href":"https:\/\/laserenaradio.cl\/web\/wp-json\/wp\/v2\/posts\/23136","targetHints":{"allow":["GET"]}}],"collection":[{"href":"https:\/\/laserenaradio.cl\/web\/wp-json\/wp\/v2\/posts"}],"about":[{"href":"https:\/\/laserenaradio.cl\/web\/wp-json\/wp\/v2\/types\/post"}],"author":[{"embeddable":true,"href":"https:\/\/laserenaradio.cl\/web\/wp-json\/wp\/v2\/users\/2"}],"replies":[{"embeddable":true,"href":"https:\/\/laserenaradio.cl\/web\/wp-json\/wp\/v2\/comments?post=23136"}],"version-history":[{"count":1,"href":"https:\/\/laserenaradio.cl\/web\/wp-json\/wp\/v2\/posts\/23136\/revisions"}],"predecessor-version":[{"id":23137,"href":"https:\/\/laserenaradio.cl\/web\/wp-json\/wp\/v2\/posts\/23136\/revisions\/23137"}],"wp:featuredmedia":[{"embeddable":true,"href":"https:\/\/laserenaradio.cl\/web\/wp-json\/wp\/v2\/media\/23135"}],"wp:attachment":[{"href":"https:\/\/laserenaradio.cl\/web\/wp-json\/wp\/v2\/media?parent=23136"}],"wp:term":[{"taxonomy":"category","embeddable":true,"href":"https:\/\/laserenaradio.cl\/web\/wp-json\/wp\/v2\/categories?post=23136"},{"taxonomy":"post_tag","embeddable":true,"href":"https:\/\/laserenaradio.cl\/web\/wp-json\/wp\/v2\/tags?post=23136"}],"curies":[{"name":"wp","href":"https:\/\/api.w.org\/{rel}","templated":true}]}}