{"id":23128,"date":"2026-01-29T11:56:56","date_gmt":"2026-01-29T14:56:56","guid":{"rendered":"https:\/\/laserenaradio.cl\/web\/?p=23128"},"modified":"2026-01-29T11:56:56","modified_gmt":"2026-01-29T14:56:56","slug":"violento-asalto-tipo-jauria-a-una-mujer-en-la-reina","status":"publish","type":"post","link":"https:\/\/laserenaradio.cl\/web\/2026\/01\/29\/violento-asalto-tipo-jauria-a-una-mujer-en-la-reina\/","title":{"rendered":"Violento asalto tipo &#8220;jaur\u00eda&#8221; a una mujer en La Reina"},"content":{"rendered":"<p>Una mujer fue v\u00edctima de un asalto tipo &#8220;jaur\u00eda&#8221; en La Reina, donde, al exterior de una estaci\u00f3n del Metro de Santiago, le robaron su celular y luego un grupo numeroso la abord\u00f3 para arrebatarle otras pertenencias. Por este hecho, <a href=\"https:\/\/www.carabineros.cl\/\">Carabineros<\/a> detuvo a ocho personas, en su mayor\u00eda mujeres y varias menores de edad.<\/p>\n<p>El asalto ocurri\u00f3 afuera de la estaci\u00f3n Pr\u00edncipe de Gales, donde un desconocido rob\u00f3 un tel\u00e9fono celular a la v\u00edctima. Minutos despu\u00e9s, una persona que limpiaba vidrios en el sector ayud\u00f3 a la afectada. Tras el suceso, se dio aviso a funcionarios municipales y a <a href=\"https:\/\/www.carabineros.cl\/\">Carabineros<\/a>, lo que permiti\u00f3 concretar la detenci\u00f3n de ocho personas: cinco menores de edad de sexo femenino, dos mujeres adultas y un hombre.<\/p>\n<p>Los detenidos pasar\u00e1n a control de detenci\u00f3n durante la ma\u00f1ana. La v\u00edctima result\u00f3 con lesiones de car\u00e1cter leve. La capit\u00e1n Paulina Ardiles, de la 16.\u00aa Comisar\u00eda de La Reina, confirm\u00f3 que la v\u00edctima sufri\u00f3 el robo de sus pertenencias y fue agredida. Entre las menores de edad hay una delincuente de 15 a\u00f1os con antecedentes policiales, al igual que el \u00fanico hombre del grupo antisocial.<\/p>\n<p>Ardiles complement\u00f3 que la v\u00edctima intent\u00f3 defenderse y recuperar sus pertenencias. El hombre que limpiaba vidrios se encuentra en investigaci\u00f3n para determinar su participaci\u00f3n en el robo. El alcalde de La Reina, Jos\u00e9 Manuel Palacios, se\u00f1al\u00f3 que, mediante un llamado al 1419, llegaron r\u00e1pidamente al lugar donde la v\u00edctima fue asaltada y agredida.<\/p>\n<p>Palacios valor\u00f3 el \u00e9xito del procedimiento pero destac\u00f3 que en La Reina existe una ordenanza que multa a estas personas, ya que &#8220;la fiscal\u00eda no siempre puede tomar estos casos&#8221;, dijo Palacios. &#8220;Por lo tanto, todas estas acciones, todos los delitos quedan sin sanci\u00f3n&#8221;, agreg\u00f3.<\/p>\n<p>De esta forma, si los infractores multados no pagan la sanci\u00f3n de 5 UTM (alrededor de $300 mil), quedan con orden de detenci\u00f3n. Luego corresponder\u00eda tomarlos presos, que eso es finalmente lo que nosotros buscamos, que haya sanciones a todo este tipo de delitos&#8221;, asegur\u00f3 el jefe comunal.<\/p>\n<p>Palacios sostuvo que en la comuna trabajan junto a <a href=\"https:\/\/www.carabineros.cl\/\">Carabineros<\/a> en patrullas mixtas, que atienden las demandas de los vecinos.<\/p>\n","protected":false},"excerpt":{"rendered":"<p>Una mujer fue v\u00edctima de un asalto tipo &#8220;jaur\u00eda&#8221; en La Reina, donde, al exterior de una estaci\u00f3n del Metro de Santiago, le robaron su celular y luego un grupo numeroso la abord\u00f3 para arrebatarle otras pertenencias. Por este hecho, Carabineros detuvo a ocho personas, en su mayor\u00eda mujeres y varias menores de edad. El [&hellip;]<\/p>\n","protected":false},"author":2,"featured_media":23127,"comment_status":"closed","ping_status":"open","sticky":false,"template":"","format":"standard","meta":{"_jetpack_memberships_contains_paid_content":false,"jnews-multi-image_gallery":[],"jnews_single_post":[],"jnews_primary_category":[],"jnews_social_meta":[],"jnews_paywall_metabox":[],"jnews_review":[],"enable_review":"","type":"","name":"","summary":"","brand":"","sku":"","good":[],"bad":[],"score_override":"","override_value":"","rating":[],"price":[],"jnews_override_counter":[],"jnews_post_split":[],"footnotes":""},"categories":[21],"tags":[],"class_list":["post-23128","post","type-post","status-publish","format-standard","has-post-thumbnail","hentry","category-nacional"],"jetpack_featured_media_url":"https:\/\/laserenaradio.cl\/web\/wp-content\/uploads\/2026\/01\/mediapiaiextstaticimg_webpasaltotipopertenenciascarabineros_0.webp","jetpack_sharing_enabled":true,"_links":{"self":[{"href":"https:\/\/laserenaradio.cl\/web\/wp-json\/wp\/v2\/posts\/23128","targetHints":{"allow":["GET"]}}],"collection":[{"href":"https:\/\/laserenaradio.cl\/web\/wp-json\/wp\/v2\/posts"}],"about":[{"href":"https:\/\/laserenaradio.cl\/web\/wp-json\/wp\/v2\/types\/post"}],"author":[{"embeddable":true,"href":"https:\/\/laserenaradio.cl\/web\/wp-json\/wp\/v2\/users\/2"}],"replies":[{"embeddable":true,"href":"https:\/\/laserenaradio.cl\/web\/wp-json\/wp\/v2\/comments?post=23128"}],"version-history":[{"count":1,"href":"https:\/\/laserenaradio.cl\/web\/wp-json\/wp\/v2\/posts\/23128\/revisions"}],"predecessor-version":[{"id":23129,"href":"https:\/\/laserenaradio.cl\/web\/wp-json\/wp\/v2\/posts\/23128\/revisions\/23129"}],"wp:featuredmedia":[{"embeddable":true,"href":"https:\/\/laserenaradio.cl\/web\/wp-json\/wp\/v2\/media\/23127"}],"wp:attachment":[{"href":"https:\/\/laserenaradio.cl\/web\/wp-json\/wp\/v2\/media?parent=23128"}],"wp:term":[{"taxonomy":"category","embeddable":true,"href":"https:\/\/laserenaradio.cl\/web\/wp-json\/wp\/v2\/categories?post=23128"},{"taxonomy":"post_tag","embeddable":true,"href":"https:\/\/laserenaradio.cl\/web\/wp-json\/wp\/v2\/tags?post=23128"}],"curies":[{"name":"wp","href":"https:\/\/api.w.org\/{rel}","templated":true}]}}