{"id":23118,"date":"2026-01-29T09:28:07","date_gmt":"2026-01-29T12:28:07","guid":{"rendered":"https:\/\/laserenaradio.cl\/web\/?p=23118"},"modified":"2026-01-29T09:28:07","modified_gmt":"2026-01-29T12:28:07","slug":"la-tasa-de-desempleo-en-chile-disminuye-a-80","status":"publish","type":"post","link":"https:\/\/laserenaradio.cl\/web\/2026\/01\/29\/la-tasa-de-desempleo-en-chile-disminuye-a-80\/","title":{"rendered":"La tasa de desempleo en Chile disminuye a 8,0%."},"content":{"rendered":"<p>El Instituto Nacional de Estad\u00edstica (<a href=\"http:\/\/www.ine.cl\/\">INE<\/a>) public\u00f3 los datos de la Encuesta Nacional de Empleo (ENE) para el trimestre octubre-diciembre de 2025.<\/p>\n<p>La tasa de desocupaci\u00f3n durante este periodo fue del 8,0%, con una reducci\u00f3n de 0,1 puntos porcentuales respecto al a\u00f1o anterior. Esta disminuci\u00f3n se atribuye principalmente a un incremento en la fuerza laboral y en las personas ocupadas, que tambi\u00e9n aumentaron en el mismo margen (1,8%).<\/p>\n<p>Los n\u00fameros revelan que las personas desocupadas experimentaron una ligera subida del 1,4%, pero esta tendencia se vio impulsada principalmente por aquellas que inician su b\u00fasqueda de empleo por primera vez, quienes representan un 24,4% de este aumento.<\/p>\n<p>Adem\u00e1s, la tasa de informalidad mostr\u00f3 un crecimiento de 0,4 puntos porcentuales en doce meses, llegando a alcanzar el nivel del 26,8%.<\/p>\n","protected":false},"excerpt":{"rendered":"<p>El Instituto Nacional de Estad\u00edstica (INE) public\u00f3 los datos de la Encuesta Nacional de Empleo (ENE) para el trimestre octubre-diciembre de 2025. La tasa de desocupaci\u00f3n durante este periodo fue del 8,0%, con una reducci\u00f3n de 0,1 puntos porcentuales respecto al a\u00f1o anterior. Esta disminuci\u00f3n se atribuye principalmente a un incremento en la fuerza laboral [&hellip;]<\/p>\n","protected":false},"author":2,"featured_media":23117,"comment_status":"closed","ping_status":"open","sticky":false,"template":"","format":"standard","meta":{"_jetpack_memberships_contains_paid_content":false,"jnews-multi-image_gallery":[],"jnews_single_post":[],"jnews_primary_category":[],"jnews_social_meta":[],"jnews_paywall_metabox":[],"jnews_review":[],"enable_review":"","type":"","name":"","summary":"","brand":"","sku":"","good":[],"bad":[],"score_override":"","override_value":"","rating":[],"price":[],"jnews_override_counter":[],"jnews_post_split":[],"footnotes":""},"categories":[21],"tags":[],"class_list":["post-23118","post","type-post","status-publish","format-standard","has-post-thumbnail","hentry","category-nacional"],"jetpack_featured_media_url":"https:\/\/laserenaradio.cl\/web\/wp-content\/uploads\/2026\/01\/mediapiaiextstaticimg_webpINEUruguay_1.webp","jetpack_sharing_enabled":true,"_links":{"self":[{"href":"https:\/\/laserenaradio.cl\/web\/wp-json\/wp\/v2\/posts\/23118","targetHints":{"allow":["GET"]}}],"collection":[{"href":"https:\/\/laserenaradio.cl\/web\/wp-json\/wp\/v2\/posts"}],"about":[{"href":"https:\/\/laserenaradio.cl\/web\/wp-json\/wp\/v2\/types\/post"}],"author":[{"embeddable":true,"href":"https:\/\/laserenaradio.cl\/web\/wp-json\/wp\/v2\/users\/2"}],"replies":[{"embeddable":true,"href":"https:\/\/laserenaradio.cl\/web\/wp-json\/wp\/v2\/comments?post=23118"}],"version-history":[{"count":1,"href":"https:\/\/laserenaradio.cl\/web\/wp-json\/wp\/v2\/posts\/23118\/revisions"}],"predecessor-version":[{"id":23119,"href":"https:\/\/laserenaradio.cl\/web\/wp-json\/wp\/v2\/posts\/23118\/revisions\/23119"}],"wp:featuredmedia":[{"embeddable":true,"href":"https:\/\/laserenaradio.cl\/web\/wp-json\/wp\/v2\/media\/23117"}],"wp:attachment":[{"href":"https:\/\/laserenaradio.cl\/web\/wp-json\/wp\/v2\/media?parent=23118"}],"wp:term":[{"taxonomy":"category","embeddable":true,"href":"https:\/\/laserenaradio.cl\/web\/wp-json\/wp\/v2\/categories?post=23118"},{"taxonomy":"post_tag","embeddable":true,"href":"https:\/\/laserenaradio.cl\/web\/wp-json\/wp\/v2\/tags?post=23118"}],"curies":[{"name":"wp","href":"https:\/\/api.w.org\/{rel}","templated":true}]}}