{"id":23105,"date":"2026-01-28T22:31:25","date_gmt":"2026-01-29T01:31:25","guid":{"rendered":"https:\/\/laserenaradio.cl\/web\/?p=23105"},"modified":"2026-01-28T22:31:25","modified_gmt":"2026-01-29T01:31:25","slug":"tarjetas-de-coordenadas-dejaran-de-funcionar-en-chile-en-febrero","status":"publish","type":"post","link":"https:\/\/laserenaradio.cl\/web\/2026\/01\/28\/tarjetas-de-coordenadas-dejaran-de-funcionar-en-chile-en-febrero\/","title":{"rendered":"Tarjetas de coordenadas dejar\u00e1n de funcionar en Chile en febrero."},"content":{"rendered":"<p>Este a\u00f1o se cumple el per\u00edodo establecido por la Comisi\u00f3n para el Mercado Financiero (<a href=\"https:\/\/www.cmfchile.cl\/\">CMF<\/a>) para poner fin al uso de tarjetas de coordenadas como m\u00e9todo de autenticaci\u00f3n bancario. No obstante, expertos advierten que la iniciativa podr\u00eda perjudicar a algunos usuarios, ya que se traducir\u00eda para ellos en una exclusi\u00f3n del sistema financiero.<\/p>\n<p>Fue el a\u00f1o pasado cuando la <a href=\"https:\/\/www.cmfchile.cl\/\">CMF<\/a> comenz\u00f3 a impulsar una iniciativa para poner fin al uso de las tarjetas de coordenadas, para dar pie a un robustecimiento en los m\u00e9todos de autenticaci\u00f3n bancarios. As\u00ed, anunciaron en primer lugar un cese del funcionamiento de las tarjetas para agosto del a\u00f1o pasado. Sin embargo, tras la pol\u00e9mica que hubo en torno a la iniciativa y sobre qu\u00e9 pasar\u00eda con quienes no tengan mayor destreza utilizando dispositivos m\u00f3viles, el plazo se extendi\u00f3 hasta agosto de este a\u00f1o.<\/p>\n<p>Desde la <a href=\"https:\/\/www.cmfchile.cl\/\">CMF<\/a> aseguraron que ya desde hace un tiempo diversos bancos comenzaron a poner fin a este m\u00e9todo de autenticaci\u00f3n, incluso antes de la extensi\u00f3n del plazo que hizo el ente regulador. Por ejemplo, Banco Estado comenz\u00f3 el proceso en noviembre del a\u00f1o pasado para sus primeros usuarios.<\/p>\n<p>Ahora, hay conocimiento sobre una nueva serie de avisos para otro grupo de personas, cuyas tarjetas de coordenadas dejar\u00e1n de funcionar a partir del pr\u00f3ximo 6 de febrero. Ante esto, el economista y acad\u00e9mico de la Universidad Central, Jean Paul Quinteros, se\u00f1al\u00f3 que si bien hay gente que se puede llegar a ver afectada por esta medida, hay que destacar el avance que significa en t\u00e9rminos de seguridad y autenticaci\u00f3n bancaria.<\/p>\n<p>Tambi\u00e9n es importante elevar la relevancia de una mayor seguridad en el uso de los datos para evitar posibles estafas o enga\u00f1os, lo cual involucra la p\u00e9rdida de recursos por parte de las personas. En tanto, el presidente de Conadecus, Hern\u00e1n Calder\u00f3n, apunt\u00f3 a una posible exclusi\u00f3n del sistema financiero para los que no sean nativos digitales, asegurando que quienes no tengan dominio de los dispositivos m\u00f3viles, posiblemente ser\u00e1n los m\u00e1s complicados. Esto produce una exclusi\u00f3n del sistema financiero, principalmente de las personas que no son nativos digitales, que no tienen la expertise para poder operar a trav\u00e9s de un celular.<\/p>\n<p>Por su parte, el director ejecutivo de Conecta Mayor UC, Eduardo Toro, valor\u00f3 el avance en materia de seguridad. Sin embargo, asegur\u00f3 que las mejoras no pueden venir acompa\u00f1adas de una limitaci\u00f3n a la autonom\u00eda de las personas. Por esto, advirti\u00f3 que si no se hace el debido acompa\u00f1amiento, habr\u00e1 gente que quedar\u00e1 fuera del sistema financiero. No puede ser que la mejora venga acompa\u00f1ada de coartar la autonom\u00eda en el uso de los propios sistemas bancarios de cada uno de los usuarios.<\/p>\n<p>Ahora, el proceso de transici\u00f3n contin\u00faa en pie, a la espera de ver c\u00f3mo lidiar\u00e1n con esta medida quienes m\u00e1s se complican con la tecnolog\u00eda.<\/p>\n","protected":false},"excerpt":{"rendered":"<p>Este a\u00f1o se cumple el per\u00edodo establecido por la Comisi\u00f3n para el Mercado Financiero (CMF) para poner fin al uso de tarjetas de coordenadas como m\u00e9todo de autenticaci\u00f3n bancario. No obstante, expertos advierten que la iniciativa podr\u00eda perjudicar a algunos usuarios, ya que se traducir\u00eda para ellos en una exclusi\u00f3n del sistema financiero. Fue el [&hellip;]<\/p>\n","protected":false},"author":2,"featured_media":23104,"comment_status":"closed","ping_status":"open","sticky":false,"template":"","format":"standard","meta":{"_jetpack_memberships_contains_paid_content":false,"jnews-multi-image_gallery":[],"jnews_single_post":[],"jnews_primary_category":[],"jnews_social_meta":[],"jnews_paywall_metabox":[],"jnews_review":[],"enable_review":"","type":"","name":"","summary":"","brand":"","sku":"","good":[],"bad":[],"score_override":"","override_value":"","rating":[],"price":[],"jnews_override_counter":[],"jnews_post_split":[],"footnotes":""},"categories":[21],"tags":[],"class_list":["post-23105","post","type-post","status-publish","format-standard","has-post-thumbnail","hentry","category-nacional"],"jetpack_featured_media_url":"https:\/\/laserenaradio.cl\/web\/wp-content\/uploads\/2026\/01\/mediapiaiextstaticimg_webpTarjetasChile_1.webp","jetpack_sharing_enabled":true,"_links":{"self":[{"href":"https:\/\/laserenaradio.cl\/web\/wp-json\/wp\/v2\/posts\/23105","targetHints":{"allow":["GET"]}}],"collection":[{"href":"https:\/\/laserenaradio.cl\/web\/wp-json\/wp\/v2\/posts"}],"about":[{"href":"https:\/\/laserenaradio.cl\/web\/wp-json\/wp\/v2\/types\/post"}],"author":[{"embeddable":true,"href":"https:\/\/laserenaradio.cl\/web\/wp-json\/wp\/v2\/users\/2"}],"replies":[{"embeddable":true,"href":"https:\/\/laserenaradio.cl\/web\/wp-json\/wp\/v2\/comments?post=23105"}],"version-history":[{"count":1,"href":"https:\/\/laserenaradio.cl\/web\/wp-json\/wp\/v2\/posts\/23105\/revisions"}],"predecessor-version":[{"id":23106,"href":"https:\/\/laserenaradio.cl\/web\/wp-json\/wp\/v2\/posts\/23105\/revisions\/23106"}],"wp:featuredmedia":[{"embeddable":true,"href":"https:\/\/laserenaradio.cl\/web\/wp-json\/wp\/v2\/media\/23104"}],"wp:attachment":[{"href":"https:\/\/laserenaradio.cl\/web\/wp-json\/wp\/v2\/media?parent=23105"}],"wp:term":[{"taxonomy":"category","embeddable":true,"href":"https:\/\/laserenaradio.cl\/web\/wp-json\/wp\/v2\/categories?post=23105"},{"taxonomy":"post_tag","embeddable":true,"href":"https:\/\/laserenaradio.cl\/web\/wp-json\/wp\/v2\/tags?post=23105"}],"curies":[{"name":"wp","href":"https:\/\/api.w.org\/{rel}","templated":true}]}}