{"id":23099,"date":"2026-01-28T22:26:34","date_gmt":"2026-01-29T01:26:34","guid":{"rendered":"https:\/\/laserenaradio.cl\/web\/?p=23099"},"modified":"2026-01-28T22:26:34","modified_gmt":"2026-01-29T01:26:34","slug":"transporte-metropolitano-de-valparaiso-amenaza-de-cese-de-servicios","status":"publish","type":"post","link":"https:\/\/laserenaradio.cl\/web\/2026\/01\/28\/transporte-metropolitano-de-valparaiso-amenaza-de-cese-de-servicios\/","title":{"rendered":"Transporte Metropolitano de Valpara\u00edso: amenaza de cese de servicios."},"content":{"rendered":"<p>Para el 31 de enero, los recorridos C01, C02 y C03 del Transporte Metropolitano de Valpara\u00edso podr\u00edan dejar de operar debido al t\u00e9rmino de la licitaci\u00f3n de la Unidad de Negocio N\u00ba 11. Afectando a cerca de 5 mil usuarios en Quilpu\u00e9.<\/p>\n<p>Las autoridades comunales solicitaron un plan de contingencia y soluciones provisionales, ante la falta de respuesta de la Seremi. Fue la propia empresa Transporte Rojas y Soto Ltda. quien emiti\u00f3 un aviso sobre el t\u00e9rmino de la licitaci\u00f3n de los servicios asociados a la Unidad de Negocio N\u00ba11.<\/p>\n<p>Este fin comenzar\u00eda el 31 de enero, implicando el cese de recorridos que funcionan como transporte local y conexi\u00f3n directa con estaciones del tren Limache-Puerto. En este contexto, la alcaldesa de Quilpu\u00e9, Carolina Corti, ofici\u00f3 al Ministerio de Transporte y Telecomunicaciones junto con la Seremi por la falta de gesti\u00f3n.<\/p>\n<p>Seg\u00fan detall\u00f3, alrededor de 5 mil personas se ver\u00e1n afectadas con la falta de conectividad. En tanto, el alcalde de Villa Alemana, Nelson Estay, inform\u00f3 que envi\u00f3 dos oficios a la Seremi de Transportes, sin obtener una respuesta por parte de la autoridad.<\/p>\n<p>Acusa abandono respecto al transporte p\u00fablico, por la poca frecuencia de los buses y problemas de conectividad. Se consult\u00f3 sobre esta situaci\u00f3n al seremi de Transportes, Jean Pierre Ugarte, pero opt\u00f3 por no referirse al respecto.<\/p>\n<p>Por su parte, la municipalidad de Villa Alemana propuso soluciones provisionales, como mantener temporalmente a la empresa Transporte Rojas y Soto Ltda. mientras se licita un nuevo contrato, y agilizar el proceso mediante los mecanismos legales disponibles.<\/p>\n","protected":false},"excerpt":{"rendered":"<p>Para el 31 de enero, los recorridos C01, C02 y C03 del Transporte Metropolitano de Valpara\u00edso podr\u00edan dejar de operar debido al t\u00e9rmino de la licitaci\u00f3n de la Unidad de Negocio N\u00ba 11. Afectando a cerca de 5 mil usuarios en Quilpu\u00e9. Las autoridades comunales solicitaron un plan de contingencia y soluciones provisionales, ante la [&hellip;]<\/p>\n","protected":false},"author":2,"featured_media":23098,"comment_status":"closed","ping_status":"open","sticky":false,"template":"","format":"standard","meta":{"_jetpack_memberships_contains_paid_content":false,"jnews-multi-image_gallery":[],"jnews_single_post":[],"jnews_primary_category":[],"jnews_social_meta":[],"jnews_paywall_metabox":[],"jnews_review":[],"enable_review":"","type":"","name":"","summary":"","brand":"","sku":"","good":[],"bad":[],"score_override":"","override_value":"","rating":[],"price":[],"jnews_override_counter":[],"jnews_post_split":[],"footnotes":""},"categories":[21],"tags":[],"class_list":["post-23099","post","type-post","status-publish","format-standard","has-post-thumbnail","hentry","category-nacional"],"jetpack_featured_media_url":"https:\/\/laserenaradio.cl\/web\/wp-content\/uploads\/2026\/01\/mediapiaiextstaticimg_webpfaltaSeremienerorecorridos_1.webp","jetpack_sharing_enabled":true,"_links":{"self":[{"href":"https:\/\/laserenaradio.cl\/web\/wp-json\/wp\/v2\/posts\/23099","targetHints":{"allow":["GET"]}}],"collection":[{"href":"https:\/\/laserenaradio.cl\/web\/wp-json\/wp\/v2\/posts"}],"about":[{"href":"https:\/\/laserenaradio.cl\/web\/wp-json\/wp\/v2\/types\/post"}],"author":[{"embeddable":true,"href":"https:\/\/laserenaradio.cl\/web\/wp-json\/wp\/v2\/users\/2"}],"replies":[{"embeddable":true,"href":"https:\/\/laserenaradio.cl\/web\/wp-json\/wp\/v2\/comments?post=23099"}],"version-history":[{"count":1,"href":"https:\/\/laserenaradio.cl\/web\/wp-json\/wp\/v2\/posts\/23099\/revisions"}],"predecessor-version":[{"id":23100,"href":"https:\/\/laserenaradio.cl\/web\/wp-json\/wp\/v2\/posts\/23099\/revisions\/23100"}],"wp:featuredmedia":[{"embeddable":true,"href":"https:\/\/laserenaradio.cl\/web\/wp-json\/wp\/v2\/media\/23098"}],"wp:attachment":[{"href":"https:\/\/laserenaradio.cl\/web\/wp-json\/wp\/v2\/media?parent=23099"}],"wp:term":[{"taxonomy":"category","embeddable":true,"href":"https:\/\/laserenaradio.cl\/web\/wp-json\/wp\/v2\/categories?post=23099"},{"taxonomy":"post_tag","embeddable":true,"href":"https:\/\/laserenaradio.cl\/web\/wp-json\/wp\/v2\/tags?post=23099"}],"curies":[{"name":"wp","href":"https:\/\/api.w.org\/{rel}","templated":true}]}}