{"id":23096,"date":"2026-01-28T22:23:02","date_gmt":"2026-01-29T01:23:02","guid":{"rendered":"https:\/\/laserenaradio.cl\/web\/?p=23096"},"modified":"2026-01-28T22:23:02","modified_gmt":"2026-01-29T01:23:02","slug":"carabineros-posterga-desmantelamiento-del-predio-de-julia-chunil","status":"publish","type":"post","link":"https:\/\/laserenaradio.cl\/web\/2026\/01\/28\/carabineros-posterga-desmantelamiento-del-predio-de-julia-chunil\/","title":{"rendered":"Carabineros posterga desmantelamiento del predio de Julia Chu\u00f1il"},"content":{"rendered":"<p><a href=\"https:\/\/www.carabineros.cl\/\">Carabineros<\/a> indic\u00f3 que no hay fecha para desmantelar la casa, bodega y otras estructuras dentro del predio de Julia Chu\u00f1il en M\u00e1fil, regi\u00f3n de Los R\u00edos. Por otro lado, contin\u00faa el an\u00e1lisis de las muestras de sangre encontradas en el lugar hace m\u00e1s de una semana.<\/p>\n<p>Dos semanas han pasado desde la detenci\u00f3n de tres hijos de Julia Chu\u00f1il y un exyerno por su participaci\u00f3n en la desaparici\u00f3n de la mujer el 8 de noviembre de 2024. El Ministerio P\u00fablico acusa a los primeros por el delito de parricidio y al \u00faltimo por homicidio.<\/p>\n<p>Desde el 14 de enero, el trabajo de <a href=\"https:\/\/www.carabineros.cl\/\">Carabineros<\/a> se ha centrado en el predio de Julia Chu\u00f1il, en el sector de Huichaco. Se han realizado excavaciones, el drenaje de una fosa s\u00e9ptica, b\u00fasquedas con perros y un robot georradar entre otros elementos.<\/p>\n<p>Todo para intentar dar con alguna pista, pero principalmente, el cad\u00e1ver de la dirigente, que seg\u00fan la teor\u00eda de investigaci\u00f3n del Ministerio P\u00fablico, estar\u00eda dentro del mismo terreno donde viv\u00eda.<\/p>\n<p>En medio de esas labores, el martes el Juzgado de Garant\u00eda autoriz\u00f3 a la <a href=\"https:\/\/www.fiscaliadechile.cl\/\">Fiscal\u00eda<\/a> desmantelar la casa, una bodega y otras estructuras al interior del predio. Pero aquello a\u00fan no se ha concretado.<\/p>\n<p>La capit\u00e1n de la Secci\u00f3n de B\u00fasqueda y Encargo de Veh\u00edculos y Personas de <a href=\"https:\/\/www.carabineros.cl\/\">Carabineros<\/a>, Carolina Serrano, indic\u00f3 que &#8220;el desarme&#8221; ocurrir\u00e1 cuando hayan antecedentes suficientes. Por lo anterior es que no hay fechas para realizar esas labores.<\/p>\n<p>Previo a esto, la fiscal regional de Los R\u00edos, Tatiana Esquivel, afirm\u00f3 que el principal punto de inter\u00e9s para demoler es una estructura ubicada a un costado de la casa.<\/p>\n<p>El trabajo de <a href=\"https:\/\/www.carabineros.cl\/\">Carabineros<\/a> contin\u00faa al interior del terreno, apoyados por excavadoras y otras herramientas. En paralelo, en la vocer\u00eda realizada en el acceso al predio, la polic\u00eda confirm\u00f3 que a\u00fan est\u00e1n bajo an\u00e1lisis las muestras de sangre humana encontradas el s\u00e1bado 17 de enero en la pared de un galp\u00f3n, un hacha y un machete. Todav\u00eda no se sabe si corresponden o no a Julia Chu\u00f1il.<\/p>\n","protected":false},"excerpt":{"rendered":"<p>Carabineros indic\u00f3 que no hay fecha para desmantelar la casa, bodega y otras estructuras dentro del predio de Julia Chu\u00f1il en M\u00e1fil, regi\u00f3n de Los R\u00edos. Por otro lado, contin\u00faa el an\u00e1lisis de las muestras de sangre encontradas en el lugar hace m\u00e1s de una semana. Dos semanas han pasado desde la detenci\u00f3n de tres [&hellip;]<\/p>\n","protected":false},"author":2,"featured_media":23095,"comment_status":"closed","ping_status":"open","sticky":false,"template":"","format":"standard","meta":{"_jetpack_memberships_contains_paid_content":false,"jnews-multi-image_gallery":[],"jnews_single_post":[],"jnews_primary_category":[],"jnews_social_meta":[],"jnews_paywall_metabox":[],"jnews_review":[],"enable_review":"","type":"","name":"","summary":"","brand":"","sku":"","good":[],"bad":[],"score_override":"","override_value":"","rating":[],"price":[],"jnews_override_counter":[],"jnews_post_split":[],"footnotes":""},"categories":[21],"tags":[],"class_list":["post-23096","post","type-post","status-publish","format-standard","has-post-thumbnail","hentry","category-nacional"],"jetpack_featured_media_url":"https:\/\/laserenaradio.cl\/web\/wp-content\/uploads\/2026\/01\/mediapiaiextstaticimg_webpCarabinerospredioJuliacarabineros_0.webp","jetpack_sharing_enabled":true,"_links":{"self":[{"href":"https:\/\/laserenaradio.cl\/web\/wp-json\/wp\/v2\/posts\/23096","targetHints":{"allow":["GET"]}}],"collection":[{"href":"https:\/\/laserenaradio.cl\/web\/wp-json\/wp\/v2\/posts"}],"about":[{"href":"https:\/\/laserenaradio.cl\/web\/wp-json\/wp\/v2\/types\/post"}],"author":[{"embeddable":true,"href":"https:\/\/laserenaradio.cl\/web\/wp-json\/wp\/v2\/users\/2"}],"replies":[{"embeddable":true,"href":"https:\/\/laserenaradio.cl\/web\/wp-json\/wp\/v2\/comments?post=23096"}],"version-history":[{"count":1,"href":"https:\/\/laserenaradio.cl\/web\/wp-json\/wp\/v2\/posts\/23096\/revisions"}],"predecessor-version":[{"id":23097,"href":"https:\/\/laserenaradio.cl\/web\/wp-json\/wp\/v2\/posts\/23096\/revisions\/23097"}],"wp:featuredmedia":[{"embeddable":true,"href":"https:\/\/laserenaradio.cl\/web\/wp-json\/wp\/v2\/media\/23095"}],"wp:attachment":[{"href":"https:\/\/laserenaradio.cl\/web\/wp-json\/wp\/v2\/media?parent=23096"}],"wp:term":[{"taxonomy":"category","embeddable":true,"href":"https:\/\/laserenaradio.cl\/web\/wp-json\/wp\/v2\/categories?post=23096"},{"taxonomy":"post_tag","embeddable":true,"href":"https:\/\/laserenaradio.cl\/web\/wp-json\/wp\/v2\/tags?post=23096"}],"curies":[{"name":"wp","href":"https:\/\/api.w.org\/{rel}","templated":true}]}}