{"id":23093,"date":"2026-01-28T22:19:31","date_gmt":"2026-01-29T01:19:31","guid":{"rendered":"https:\/\/laserenaradio.cl\/web\/?p=23093"},"modified":"2026-01-28T22:19:31","modified_gmt":"2026-01-29T01:19:31","slug":"mercado-del-mar-de-coquimbo-reactivara-proyectos-clave-para-la-recuperacion-urbana-y-economica","status":"publish","type":"post","link":"https:\/\/laserenaradio.cl\/web\/2026\/01\/28\/mercado-del-mar-de-coquimbo-reactivara-proyectos-clave-para-la-recuperacion-urbana-y-economica\/","title":{"rendered":"Mercado del Mar de Coquimbo reactivar\u00e1 proyectos clave para la recuperaci\u00f3n urbana y econ\u00f3mica"},"content":{"rendered":"<p>El proyecto Mercado del Mar de Coquimbo logr\u00f3 superar una etapa prolongada de estancamiento luego de obtener un financiamiento superior a $7.500 millones, hito crucial para avanzar en su ejecuci\u00f3n y contribuir con la recuperaci\u00f3n urbana y econ\u00f3mica de la zona portuaria.<\/p>\n<p>Tras a\u00f1os de obst\u00e1culos administrativos y financieros, el Consejo Regional de Coquimbo aprob\u00f3 recursos en coordinaci\u00f3n con el municipio y organismos sectoriales. Este avance cierra un largo proceso marcado por observaciones t\u00e9cnicas, redise\u00f1os del proyecto y dificultades para estructurar su financiamiento.<\/p>\n<p>El Mercado del Mar prev\u00e9 la construcci\u00f3n de una infraestructura moderna para comercializar productos del mar, gastronom\u00eda local y actividades tur\u00edsticas, con el fin de ordenar el comercio pesquero artesanal y potenciar el borde costero como polo econ\u00f3mico. Este recinto busca beneficiar directamente a pescadores, locatarios y emprendedores vinculados al mar, generando un impacto indirecto en el empleo y turismo regional.<\/p>\n<p>La inversi\u00f3n prevista permitir\u00e1 retomar las obras f\u00edsicas paralizadas desde hace a\u00f1os y avanzar en un modelo de gesti\u00f3n sostenible. El dise\u00f1o actualizado incorpora mejoras en infraestructura sanitaria, \u00e1reas de venta, espacios gastron\u00f3micos y zonas abiertas al p\u00fablico, alineados con est\u00e1ndares actuales de seguridad y operaci\u00f3n.<\/p>\n<p>El proyecto, arrastrando una historia de paralizaci\u00f3n desde 2016, inici\u00f3 bajo la gesti\u00f3n de Indico, con una inversi\u00f3n superior a los $5.700 millones financiados por el Gobierno Regional, mientras que el municipio actu\u00f3 como contraparte t\u00e9cnica. En diciembre de 2017, la municipalidad resolvi\u00f3 poner t\u00e9rmino anticipado al contrato debido a la falta de avances y problemas con las remuneraciones e imposiciones previsionales, lo que deriv\u00f3 en la paralizaci\u00f3n total del proyecto.<\/p>\n<p>Desde el \u00e1mbito regional, el destrabe del Mercado del Mar es visto como un hito importante en materia de inversi\u00f3n p\u00fablica. La iniciativa se suma a otros esfuerzos de recuperaci\u00f3n urbana del casco hist\u00f3rico y del borde costero de Coquimbo, que concentran una parte significativa de la actividad comercial y tur\u00edstica.<\/p>\n<p>Con el financiamiento ya asegurado, la siguiente fase ser\u00e1 la reactivaci\u00f3n formal de las obras y la definici\u00f3n de plazos de ejecuci\u00f3n, sujetos a procesos administrativos y de licitaci\u00f3n correspondientes. La expectativa de las autoridades es que este proyecto permita no solo recuperar un espacio emblem\u00e1tico sino tambi\u00e9n dinamizar la econom\u00eda local y fortalecer la identidad productiva ligada al mar.<\/p>\n","protected":false},"excerpt":{"rendered":"<p>El proyecto Mercado del Mar de Coquimbo logr\u00f3 superar una etapa prolongada de estancamiento luego de obtener un financiamiento superior a $7.500 millones, hito crucial para avanzar en su ejecuci\u00f3n y contribuir con la recuperaci\u00f3n urbana y econ\u00f3mica de la zona portuaria. Tras a\u00f1os de obst\u00e1culos administrativos y financieros, el Consejo Regional de Coquimbo aprob\u00f3 [&hellip;]<\/p>\n","protected":false},"author":2,"featured_media":23092,"comment_status":"closed","ping_status":"open","sticky":false,"template":"","format":"standard","meta":{"_jetpack_memberships_contains_paid_content":false,"jnews-multi-image_gallery":[],"jnews_single_post":[],"jnews_primary_category":[],"jnews_social_meta":[],"jnews_paywall_metabox":[],"jnews_review":[],"enable_review":"","type":"","name":"","summary":"","brand":"","sku":"","good":[],"bad":[],"score_override":"","override_value":"","rating":[],"price":[],"jnews_override_counter":[],"jnews_post_split":[],"footnotes":""},"categories":[21],"tags":[],"class_list":["post-23093","post","type-post","status-publish","format-standard","has-post-thumbnail","hentry","category-nacional"],"jetpack_featured_media_url":"https:\/\/laserenaradio.cl\/web\/wp-content\/uploads\/2026\/01\/mediapiaiextstaticimg_webpproyectoMarCoquimboMercado_0.webp","jetpack_sharing_enabled":true,"_links":{"self":[{"href":"https:\/\/laserenaradio.cl\/web\/wp-json\/wp\/v2\/posts\/23093","targetHints":{"allow":["GET"]}}],"collection":[{"href":"https:\/\/laserenaradio.cl\/web\/wp-json\/wp\/v2\/posts"}],"about":[{"href":"https:\/\/laserenaradio.cl\/web\/wp-json\/wp\/v2\/types\/post"}],"author":[{"embeddable":true,"href":"https:\/\/laserenaradio.cl\/web\/wp-json\/wp\/v2\/users\/2"}],"replies":[{"embeddable":true,"href":"https:\/\/laserenaradio.cl\/web\/wp-json\/wp\/v2\/comments?post=23093"}],"version-history":[{"count":1,"href":"https:\/\/laserenaradio.cl\/web\/wp-json\/wp\/v2\/posts\/23093\/revisions"}],"predecessor-version":[{"id":23094,"href":"https:\/\/laserenaradio.cl\/web\/wp-json\/wp\/v2\/posts\/23093\/revisions\/23094"}],"wp:featuredmedia":[{"embeddable":true,"href":"https:\/\/laserenaradio.cl\/web\/wp-json\/wp\/v2\/media\/23092"}],"wp:attachment":[{"href":"https:\/\/laserenaradio.cl\/web\/wp-json\/wp\/v2\/media?parent=23093"}],"wp:term":[{"taxonomy":"category","embeddable":true,"href":"https:\/\/laserenaradio.cl\/web\/wp-json\/wp\/v2\/categories?post=23093"},{"taxonomy":"post_tag","embeddable":true,"href":"https:\/\/laserenaradio.cl\/web\/wp-json\/wp\/v2\/tags?post=23093"}],"curies":[{"name":"wp","href":"https:\/\/api.w.org\/{rel}","templated":true}]}}