{"id":23087,"date":"2026-01-28T16:46:45","date_gmt":"2026-01-28T19:46:45","guid":{"rendered":"https:\/\/laserenaradio.cl\/web\/?p=23087"},"modified":"2026-01-28T16:46:45","modified_gmt":"2026-01-28T19:46:45","slug":"la-cut-cuestiona-al-presidente-electo-por-freno-en-proyecto-de-sala-cuna","status":"publish","type":"post","link":"https:\/\/laserenaradio.cl\/web\/2026\/01\/28\/la-cut-cuestiona-al-presidente-electo-por-freno-en-proyecto-de-sala-cuna\/","title":{"rendered":"La CUT cuestiona al presidente electo por &#8220;freno&#8221; en proyecto de Sala Cuna"},"content":{"rendered":"<p>La Central Unitaria de Trabajadores (CUT) solicit\u00f3 explicaciones a la Uni\u00f3n Dem\u00f3crata Independiente (UDI) y al presidente electo, Jos\u00e9 Antonio Kast, por el &#8220;freno&#8221; al proyecto de ley de Sala Cuna. Silvia Silva, vicepresidenta de la central y presidenta de la Asociaci\u00f3n Nacional de Funcionarios y Funcionarias de la Junji (Ajunji), lament\u00f3 la &#8220;tremenda p\u00e9rdida&#8221;. <\/p>\n<p>&#8220;Hoy d\u00eda tenemos que lamentar esta tremenda p\u00e9rdida que hemos tenido ante la posibilidad casi certera de que pod\u00edamos contar con una reforma de esta envergadura&#8221;, expres\u00f3. Silva catalog\u00f3 la iniciativa como &#8220;robusta&#8221; y explic\u00f3 que contaba con un apoyo transversal, donde se hizo un di\u00e1logo social con todas las organizaciones civiles y tambi\u00e9n de las organizaciones del mundo del trabajo.<\/p>\n<p>&#8220;Rechazamos categ\u00f3ricamente lo que ha ocurrido y lo lamentamos profundamente, pero principalmente por las cientos de miles de mujeres trabajadoras y tambi\u00e9n por los ni\u00f1os y ni\u00f1as de Chile que esperaban poder contar con acceso a las salas cuna&#8221;, sum\u00f3. La vicepresidenta recalc\u00f3 que todas las salas cuna que eventualmente abrir\u00edan tras esta medida ten\u00edan que contar con los requisitos establecidos por norma para que la Subsecretar\u00eda les otorgara el reconocimiento oficial, adem\u00e1s de contar con &#8220;los profesionales id\u00f3neos y la infraestructura id\u00f3nea&#8221;. <\/p>\n<p>&#8220;Todo eso hoy d\u00eda se perdi\u00f3 gracias a la no presentaci\u00f3n del presidente de la Comisi\u00f3n de Educaci\u00f3n, el senador Sanhueza, que no lleg\u00f3 ni tampoco dej\u00f3 una subrogancia para que pudiesen convocar a la comisi\u00f3n&#8221;, arremeti\u00f3. &#8220;De esta manera, la pr\u00f3xima semana hubi\u00e9ramos tenido ya la votaci\u00f3n en Sala. Ya se sab\u00eda que hab\u00eda un apoyo transversal, y que el proyecto de ley s\u00ed iba a poder ser legislado y promulgado&#8221;, sentenci\u00f3 Silva.<\/p>\n<p>Por su lado, la vicepresidenta de la Mujer de la CUT, Karen Palma Tapia, dijo creer necesario &#8220;pedir explicaciones principalmente a la bancada de la UDI por no permitir que un proyecto emblem\u00e1tico para las mujeres trabajadoras pueda avanzar&#8221;. Si bien la central en su inicio tuvo algunas complicaciones por su mirada hacia el sector privado, hoy d\u00eda apost\u00e1bamos por que nuestro pa\u00eds pudiera avanzar en corresponsabilidad y tambi\u00e9n en la eliminaci\u00f3n del 203, que permit\u00eda que mujeres que trabajaban en empresas de menos de 20 mujeres contratadas pudieran tener el derecho a sala cuna.<\/p>\n<p>&#8220;Por eso creemos necesario que hoy d\u00eda se den las explicaciones para decir por qu\u00e9 se priv\u00f3 a las mujeres trabajadoras de poder tener este derecho, pero adem\u00e1s tambi\u00e9n decir con claridad que hoy d\u00eda desde la CUT vamos a seguir insistiendo&#8221;, continu\u00f3 Palma. En tal l\u00ednea, la vicepresidenta de la Mujer sostuvo que la central hab\u00eda deliberado una lucha hist\u00f3rica por la eliminaci\u00f3n del art\u00edculo del C\u00f3digo del Trabajo mencionado.<\/p>\n<p>&#8220;Hoy a\u00fan estamos a tiempo. Lamentamos la actitud del diputado Sanhueza y tambi\u00e9n de la bancada en general, y creemos que el nuevo presidente tambi\u00e9n debiera pronunciarse en esta materia que afecta a miles de mujeres trabajadoras que hoy d\u00eda dan el sustento a nuestro pa\u00eds&#8221;, cerr\u00f3.<\/p>\n","protected":false},"excerpt":{"rendered":"<p>La Central Unitaria de Trabajadores (CUT) solicit\u00f3 explicaciones a la Uni\u00f3n Dem\u00f3crata Independiente (UDI) y al presidente electo, Jos\u00e9 Antonio Kast, por el &#8220;freno&#8221; al proyecto de ley de Sala Cuna. Silvia Silva, vicepresidenta de la central y presidenta de la Asociaci\u00f3n Nacional de Funcionarios y Funcionarias de la Junji (Ajunji), lament\u00f3 la &#8220;tremenda p\u00e9rdida&#8221;. [&hellip;]<\/p>\n","protected":false},"author":2,"featured_media":9076,"comment_status":"closed","ping_status":"open","sticky":false,"template":"","format":"standard","meta":{"_jetpack_memberships_contains_paid_content":false,"jnews-multi-image_gallery":[],"jnews_single_post":[],"jnews_primary_category":[],"jnews_social_meta":[],"jnews_paywall_metabox":[],"jnews_review":[],"enable_review":"","type":"","name":"","summary":"","brand":"","sku":"","good":[],"bad":[],"score_override":"","override_value":"","rating":[],"price":[],"jnews_override_counter":[],"jnews_post_split":[],"footnotes":""},"categories":[21],"tags":[],"class_list":["post-23087","post","type-post","status-publish","format-standard","has-post-thumbnail","hentry","category-nacional"],"jetpack_featured_media_url":"https:\/\/laserenaradio.cl\/web\/wp-content\/uploads\/2024\/12\/laserenaradio_nacional.webp","jetpack_sharing_enabled":true,"_links":{"self":[{"href":"https:\/\/laserenaradio.cl\/web\/wp-json\/wp\/v2\/posts\/23087","targetHints":{"allow":["GET"]}}],"collection":[{"href":"https:\/\/laserenaradio.cl\/web\/wp-json\/wp\/v2\/posts"}],"about":[{"href":"https:\/\/laserenaradio.cl\/web\/wp-json\/wp\/v2\/types\/post"}],"author":[{"embeddable":true,"href":"https:\/\/laserenaradio.cl\/web\/wp-json\/wp\/v2\/users\/2"}],"replies":[{"embeddable":true,"href":"https:\/\/laserenaradio.cl\/web\/wp-json\/wp\/v2\/comments?post=23087"}],"version-history":[{"count":1,"href":"https:\/\/laserenaradio.cl\/web\/wp-json\/wp\/v2\/posts\/23087\/revisions"}],"predecessor-version":[{"id":23088,"href":"https:\/\/laserenaradio.cl\/web\/wp-json\/wp\/v2\/posts\/23087\/revisions\/23088"}],"wp:featuredmedia":[{"embeddable":true,"href":"https:\/\/laserenaradio.cl\/web\/wp-json\/wp\/v2\/media\/9076"}],"wp:attachment":[{"href":"https:\/\/laserenaradio.cl\/web\/wp-json\/wp\/v2\/media?parent=23087"}],"wp:term":[{"taxonomy":"category","embeddable":true,"href":"https:\/\/laserenaradio.cl\/web\/wp-json\/wp\/v2\/categories?post=23087"},{"taxonomy":"post_tag","embeddable":true,"href":"https:\/\/laserenaradio.cl\/web\/wp-json\/wp\/v2\/tags?post=23087"}],"curies":[{"name":"wp","href":"https:\/\/api.w.org\/{rel}","templated":true}]}}