{"id":23085,"date":"2026-01-28T15:55:38","date_gmt":"2026-01-28T18:55:38","guid":{"rendered":"https:\/\/laserenaradio.cl\/web\/?p=23085"},"modified":"2026-01-28T15:55:38","modified_gmt":"2026-01-28T18:55:38","slug":"conlicto-vecinal-en-ovalle-deje-una-vivienda-y-un-vehiculo-afectados","status":"publish","type":"post","link":"https:\/\/laserenaradio.cl\/web\/2026\/01\/28\/conlicto-vecinal-en-ovalle-deje-una-vivienda-y-un-vehiculo-afectados\/","title":{"rendered":"Conlicto vecinal en Ovalle deje una vivienda y un veh\u00edculo afectados"},"content":{"rendered":"<p>Durante la madrugada de este mi\u00e9rcoles se registr\u00f3 un grave conflicto vecinal en la poblaci\u00f3n ANFA de Ovalle, regi\u00f3n de Coquimbo. El hecho dej\u00f3 una vivienda con da\u00f1os y un veh\u00edculo incendiado que se encontraba estacionado en la v\u00eda p\u00fablica.<\/p>\n<p>El altercado comenz\u00f3 cerca de las 22:00 horas del martes, tras un enfrentamiento entre un grupo de personas que escal\u00f3 con el transcurso de la noche. Primero hubo apedreos a un autom\u00f3vil, luego se extendieron los da\u00f1os a un inmueble y finalmente, el incendio de un veh\u00edculo perteneciente a la vivienda afectada.<\/p>\n<p>Vecinos del sector relataron que el episodio se desarroll\u00f3 de manera intermitente, con individuos que iban y ven\u00edan en distintos veh\u00edculos. Esto gener\u00f3 temor e impidi\u00f3 que los residentes pudieran descansar ante la posibilidad de nuevos hechos de violencia.<\/p>\n<p>Aproximadamente a las 03:00 horas, personal de <a href=\"https:\/\/www.bomberos.cl\/\">Bomberos<\/a> acudi\u00f3 al lugar para controlar el fuego que afectaba al autom\u00f3vil. El teniente Exequiel Guerrero Herrera, de la Primera Compa\u00f1\u00eda, confirm\u00f3 que al llegar se encontraron con un ambiente hostil, aunque no hubo otros veh\u00edculos ni viviendas da\u00f1ados.<\/p>\n<p><a href=\"https:\/\/www.carabineros.cl\/\">Carabineros<\/a> tambi\u00e9n concurri\u00f3 al sitio del suceso y constat\u00f3 que al momento de su llegada el veh\u00edculo ya se encontraba en llamas. No hubo personas sospechosas en el lugar, por lo que no fue posible identificar a los responsables. En ese contexto, la instituci\u00f3n realiz\u00f3 una denuncia de oficio, quedando el hecho en investigaci\u00f3n.<\/p>\n<p>Seg\u00fan testimonios reservados, los incidentes se produjeron en un contexto de violencia generalizada durante esa misma noche, ya que en paralelo se habr\u00eda registrado otra pelea en una poblaci\u00f3n contigua, donde &#8220;se escucharon balazos y el disturbio dur\u00f3 varias horas&#8221;.<\/p>\n<p>Este episodio gener\u00f3 preocupaci\u00f3n entre los vecinos del sector, especialmente durante los horarios nocturnos. Por ello, hicieron un llamado a reforzar la presencia policial, mejorar la respuesta ante emergencias y activar medidas preventivas que permitan restablecer la tranquilidad en el barrio.<\/p>\n","protected":false},"excerpt":{"rendered":"<p>Durante la madrugada de este mi\u00e9rcoles se registr\u00f3 un grave conflicto vecinal en la poblaci\u00f3n ANFA de Ovalle, regi\u00f3n de Coquimbo. El hecho dej\u00f3 una vivienda con da\u00f1os y un veh\u00edculo incendiado que se encontraba estacionado en la v\u00eda p\u00fablica. El altercado comenz\u00f3 cerca de las 22:00 horas del martes, tras un enfrentamiento entre un [&hellip;]<\/p>\n","protected":false},"author":2,"featured_media":9076,"comment_status":"closed","ping_status":"open","sticky":false,"template":"","format":"standard","meta":{"_jetpack_memberships_contains_paid_content":false,"jnews-multi-image_gallery":[],"jnews_single_post":[],"jnews_primary_category":[],"jnews_social_meta":[],"jnews_paywall_metabox":[],"jnews_review":[],"enable_review":"","type":"","name":"","summary":"","brand":"","sku":"","good":[],"bad":[],"score_override":"","override_value":"","rating":[],"price":[],"jnews_override_counter":[],"jnews_post_split":[],"footnotes":""},"categories":[21],"tags":[],"class_list":["post-23085","post","type-post","status-publish","format-standard","has-post-thumbnail","hentry","category-nacional"],"jetpack_featured_media_url":"https:\/\/laserenaradio.cl\/web\/wp-content\/uploads\/2024\/12\/laserenaradio_nacional.webp","jetpack_sharing_enabled":true,"_links":{"self":[{"href":"https:\/\/laserenaradio.cl\/web\/wp-json\/wp\/v2\/posts\/23085","targetHints":{"allow":["GET"]}}],"collection":[{"href":"https:\/\/laserenaradio.cl\/web\/wp-json\/wp\/v2\/posts"}],"about":[{"href":"https:\/\/laserenaradio.cl\/web\/wp-json\/wp\/v2\/types\/post"}],"author":[{"embeddable":true,"href":"https:\/\/laserenaradio.cl\/web\/wp-json\/wp\/v2\/users\/2"}],"replies":[{"embeddable":true,"href":"https:\/\/laserenaradio.cl\/web\/wp-json\/wp\/v2\/comments?post=23085"}],"version-history":[{"count":1,"href":"https:\/\/laserenaradio.cl\/web\/wp-json\/wp\/v2\/posts\/23085\/revisions"}],"predecessor-version":[{"id":23086,"href":"https:\/\/laserenaradio.cl\/web\/wp-json\/wp\/v2\/posts\/23085\/revisions\/23086"}],"wp:featuredmedia":[{"embeddable":true,"href":"https:\/\/laserenaradio.cl\/web\/wp-json\/wp\/v2\/media\/9076"}],"wp:attachment":[{"href":"https:\/\/laserenaradio.cl\/web\/wp-json\/wp\/v2\/media?parent=23085"}],"wp:term":[{"taxonomy":"category","embeddable":true,"href":"https:\/\/laserenaradio.cl\/web\/wp-json\/wp\/v2\/categories?post=23085"},{"taxonomy":"post_tag","embeddable":true,"href":"https:\/\/laserenaradio.cl\/web\/wp-json\/wp\/v2\/tags?post=23085"}],"curies":[{"name":"wp","href":"https:\/\/api.w.org\/{rel}","templated":true}]}}