{"id":23078,"date":"2026-01-28T15:34:28","date_gmt":"2026-01-28T18:34:28","guid":{"rendered":"https:\/\/laserenaradio.cl\/web\/?p=23078"},"modified":"2026-01-28T15:34:28","modified_gmt":"2026-01-28T18:34:28","slug":"hallan-a-la-ultima-persona-extraviada-despues-del-hundimiento-de-un-catamaran-en-el-estuario-de-reloncavi","status":"publish","type":"post","link":"https:\/\/laserenaradio.cl\/web\/2026\/01\/28\/hallan-a-la-ultima-persona-extraviada-despues-del-hundimiento-de-un-catamaran-en-el-estuario-de-reloncavi\/","title":{"rendered":"Hallan a la \u00faltima persona extraviada despu\u00e9s del hundimiento de un catamar\u00e1n en el Estuario de Reloncav\u00ed"},"content":{"rendered":"<p>Durante la tarde de este mi\u00e9rcoles fue encontrada sin vida la \u00faltima persona extraviada tras el hundimiento del catamar\u00e1n en el Estuario de Reloncav\u00ed, en la regi\u00f3n de Los Lagos. En total, la tragedia dej\u00f3 6 personas muertas.<\/p>\n<p>El incidente ocurri\u00f3 en las aguas del Estuario de Reloncav\u00ed, un lugar famoso por su belleza natural y actividades n\u00e1uticas, lo que ha generado preocupaci\u00f3n sobre la seguridad en el \u00e1rea. La b\u00fasqueda intensiva se extendi\u00f3 durante varios d\u00edas hasta localizar a los \u00faltimos desaparecidos.<\/p>\n<p>Las autoridades mar\u00edtimas investigan las causas del accidente, que involucr\u00f3 un catamar\u00e1n y dej\u00f3 seis vidas perdidas. El hundimiento ha sido motivo de conmoci\u00f3n en la comunidad local, donde se realizan esfuerzos por brindar apoyo psicol\u00f3gico a los afectados.<\/p>\n<p>El Estuario de Reloncav\u00ed, un destino tur\u00edstico popular, ahora enfrenta una nueva crisis que podr\u00eda impactar significativamente su reputaci\u00f3n. La seguridad mar\u00edtima y las medidas preventivas se han vuelto temas relevantes en la discusi\u00f3n sobre el accidente.<\/p>\n","protected":false},"excerpt":{"rendered":"<p>Durante la tarde de este mi\u00e9rcoles fue encontrada sin vida la \u00faltima persona extraviada tras el hundimiento del catamar\u00e1n en el Estuario de Reloncav\u00ed, en la regi\u00f3n de Los Lagos. En total, la tragedia dej\u00f3 6 personas muertas. El incidente ocurri\u00f3 en las aguas del Estuario de Reloncav\u00ed, un lugar famoso por su belleza natural [&hellip;]<\/p>\n","protected":false},"author":2,"featured_media":23077,"comment_status":"closed","ping_status":"open","sticky":false,"template":"","format":"standard","meta":{"_jetpack_memberships_contains_paid_content":false,"jnews-multi-image_gallery":[],"jnews_single_post":[],"jnews_primary_category":[],"jnews_social_meta":[],"jnews_paywall_metabox":[],"jnews_review":[],"enable_review":"","type":"","name":"","summary":"","brand":"","sku":"","good":[],"bad":[],"score_override":"","override_value":"","rating":[],"price":[],"jnews_override_counter":[],"jnews_post_split":[],"footnotes":""},"categories":[21],"tags":[],"class_list":["post-23078","post","type-post","status-publish","format-standard","has-post-thumbnail","hentry","category-nacional"],"jetpack_featured_media_url":"https:\/\/laserenaradio.cl\/web\/wp-content\/uploads\/2026\/01\/mediapiaiextstaticimg_webphundimientopersonaextraviadaEstuario_0.webp","jetpack_sharing_enabled":true,"_links":{"self":[{"href":"https:\/\/laserenaradio.cl\/web\/wp-json\/wp\/v2\/posts\/23078","targetHints":{"allow":["GET"]}}],"collection":[{"href":"https:\/\/laserenaradio.cl\/web\/wp-json\/wp\/v2\/posts"}],"about":[{"href":"https:\/\/laserenaradio.cl\/web\/wp-json\/wp\/v2\/types\/post"}],"author":[{"embeddable":true,"href":"https:\/\/laserenaradio.cl\/web\/wp-json\/wp\/v2\/users\/2"}],"replies":[{"embeddable":true,"href":"https:\/\/laserenaradio.cl\/web\/wp-json\/wp\/v2\/comments?post=23078"}],"version-history":[{"count":1,"href":"https:\/\/laserenaradio.cl\/web\/wp-json\/wp\/v2\/posts\/23078\/revisions"}],"predecessor-version":[{"id":23079,"href":"https:\/\/laserenaradio.cl\/web\/wp-json\/wp\/v2\/posts\/23078\/revisions\/23079"}],"wp:featuredmedia":[{"embeddable":true,"href":"https:\/\/laserenaradio.cl\/web\/wp-json\/wp\/v2\/media\/23077"}],"wp:attachment":[{"href":"https:\/\/laserenaradio.cl\/web\/wp-json\/wp\/v2\/media?parent=23078"}],"wp:term":[{"taxonomy":"category","embeddable":true,"href":"https:\/\/laserenaradio.cl\/web\/wp-json\/wp\/v2\/categories?post=23078"},{"taxonomy":"post_tag","embeddable":true,"href":"https:\/\/laserenaradio.cl\/web\/wp-json\/wp\/v2\/tags?post=23078"}],"curies":[{"name":"wp","href":"https:\/\/api.w.org\/{rel}","templated":true}]}}