{"id":23075,"date":"2026-01-28T15:24:10","date_gmt":"2026-01-28T18:24:10","guid":{"rendered":"https:\/\/laserenaradio.cl\/web\/?p=23075"},"modified":"2026-01-28T15:24:10","modified_gmt":"2026-01-28T18:24:10","slug":"bolivia-ofrece-puertos-a-chile-para-unir-al-pais-con-brasil","status":"publish","type":"post","link":"https:\/\/laserenaradio.cl\/web\/2026\/01\/28\/bolivia-ofrece-puertos-a-chile-para-unir-al-pais-con-brasil\/","title":{"rendered":"Bolivia ofrece puertos a Chile para unir al pa\u00eds con Brasil"},"content":{"rendered":"<p>El presidente boliviano, Rodrigo Paz, ofreci\u00f3 los \u201cpuertos\u201d de Bolivia a Chile durante el Foro Econ\u00f3mico Internacional de Am\u00e9rica Latina y el Caribe en Panam\u00e1. Este gesto pragm\u00e1tico busca conectar a su pa\u00eds con Brasil, reconociendo la importancia de las relaciones entre pa\u00edses del Pac\u00edfico.<\/p>\n<p>\u201cNosotros tenemos m\u00e1s puertos que ustedes\u201d, dijo Paz figurativamente dirigi\u00e9ndose al presidente electo chileno Jos\u00e9 Antonio Kast y a Luiz In\u00e1cio Lula da Silva, el mandatario brasile\u00f1o. A trav\u00e9s de Bolivia, Chile podr\u00eda acceder a los puertos del Brasil, complementando su conexi\u00f3n con Uruguay, Paraguay y Argentina.<\/p>\n<p>Este ofrecimiento se mantiene con la pol\u00edtica de acercamiento entre Bolivia y Chile, iniciada por una visita reciente del canciller boliviano Fernando Aramayo. Su misi\u00f3n fue restablecer relaciones diplom\u00e1ticas y comerciales y preparar a Paz para asistir a la investidura de Kast.<\/p>\n<p>Las tensiones bilaterales se remontan a 1978 con la ruptura diplom\u00e1tica, y se agudizaron entre 2013 y 2018 cuando Bolivia demand\u00f3 a Chile ante la Corte Internacional de Justicia. Sin embargo, el presidente Paz tambi\u00e9n expres\u00f3 su deseo para que Venezuela fortalezca su democracia.<\/p>\n<p>En el evento, Paz destac\u00f3 la importancia de unidad, transparencia y di\u00e1logo como se\u00f1ales positivas. El gobernante boliviano asegur\u00f3 que su pa\u00eds est\u00e1 construyendo su futuro con verdad tras 20 a\u00f1os del giro ideol\u00f3gico del MAS.<\/p>\n<p>La reuni\u00f3n en Panam\u00e1 tambi\u00e9n marcar\u00e1 el primer encuentro bilateral entre Paz y Lula da Silva, abriendo un nuevo ciclo de relaciones. Participaron otros l\u00edderes de la regi\u00f3n, incluyendo Jos\u00e9 Ra\u00fal Mulino (Panam\u00e1), Gustavo Petro (Colombia) y Daniel Noboa (Ecuador).<\/p>\n","protected":false},"excerpt":{"rendered":"<p>El presidente boliviano, Rodrigo Paz, ofreci\u00f3 los \u201cpuertos\u201d de Bolivia a Chile durante el Foro Econ\u00f3mico Internacional de Am\u00e9rica Latina y el Caribe en Panam\u00e1. Este gesto pragm\u00e1tico busca conectar a su pa\u00eds con Brasil, reconociendo la importancia de las relaciones entre pa\u00edses del Pac\u00edfico. \u201cNosotros tenemos m\u00e1s puertos que ustedes\u201d, dijo Paz figurativamente dirigi\u00e9ndose [&hellip;]<\/p>\n","protected":false},"author":2,"featured_media":23074,"comment_status":"closed","ping_status":"open","sticky":false,"template":"","format":"standard","meta":{"_jetpack_memberships_contains_paid_content":false,"jnews-multi-image_gallery":[],"jnews_single_post":[],"jnews_primary_category":[],"jnews_social_meta":[],"jnews_paywall_metabox":[],"jnews_review":[],"enable_review":"","type":"","name":"","summary":"","brand":"","sku":"","good":[],"bad":[],"score_override":"","override_value":"","rating":[],"price":[],"jnews_override_counter":[],"jnews_post_split":[],"footnotes":""},"categories":[21],"tags":[],"class_list":["post-23075","post","type-post","status-publish","format-standard","has-post-thumbnail","hentry","category-nacional"],"jetpack_featured_media_url":"https:\/\/laserenaradio.cl\/web\/wp-content\/uploads\/2026\/01\/mediapiaiextstaticimg_webpBoliviaChilePazpuertos_1.webp","jetpack_sharing_enabled":true,"_links":{"self":[{"href":"https:\/\/laserenaradio.cl\/web\/wp-json\/wp\/v2\/posts\/23075","targetHints":{"allow":["GET"]}}],"collection":[{"href":"https:\/\/laserenaradio.cl\/web\/wp-json\/wp\/v2\/posts"}],"about":[{"href":"https:\/\/laserenaradio.cl\/web\/wp-json\/wp\/v2\/types\/post"}],"author":[{"embeddable":true,"href":"https:\/\/laserenaradio.cl\/web\/wp-json\/wp\/v2\/users\/2"}],"replies":[{"embeddable":true,"href":"https:\/\/laserenaradio.cl\/web\/wp-json\/wp\/v2\/comments?post=23075"}],"version-history":[{"count":1,"href":"https:\/\/laserenaradio.cl\/web\/wp-json\/wp\/v2\/posts\/23075\/revisions"}],"predecessor-version":[{"id":23076,"href":"https:\/\/laserenaradio.cl\/web\/wp-json\/wp\/v2\/posts\/23075\/revisions\/23076"}],"wp:featuredmedia":[{"embeddable":true,"href":"https:\/\/laserenaradio.cl\/web\/wp-json\/wp\/v2\/media\/23074"}],"wp:attachment":[{"href":"https:\/\/laserenaradio.cl\/web\/wp-json\/wp\/v2\/media?parent=23075"}],"wp:term":[{"taxonomy":"category","embeddable":true,"href":"https:\/\/laserenaradio.cl\/web\/wp-json\/wp\/v2\/categories?post=23075"},{"taxonomy":"post_tag","embeddable":true,"href":"https:\/\/laserenaradio.cl\/web\/wp-json\/wp\/v2\/tags?post=23075"}],"curies":[{"name":"wp","href":"https:\/\/api.w.org\/{rel}","templated":true}]}}