{"id":23072,"date":"2026-01-28T11:34:07","date_gmt":"2026-01-28T14:34:07","guid":{"rendered":"https:\/\/laserenaradio.cl\/web\/?p=23072"},"modified":"2026-01-28T11:34:07","modified_gmt":"2026-01-28T14:34:07","slug":"detienen-a-cuatro-ladrones-en-vina-del-mar-por-robo-de-celular-durante-un-video-de-tiktok","status":"publish","type":"post","link":"https:\/\/laserenaradio.cl\/web\/2026\/01\/28\/detienen-a-cuatro-ladrones-en-vina-del-mar-por-robo-de-celular-durante-un-video-de-tiktok\/","title":{"rendered":"Detienen a cuatro ladrones en Vi\u00f1a del Mar por robo de celular durante un video de TikTok"},"content":{"rendered":"<p>Cuatro personas fueron detenidas por robar un celular en medio de la grabaci\u00f3n de un video para TikTok, todo esto en Vi\u00f1a del Mar. <\/p>\n<p>El hecho ocurri\u00f3 durante las \u00faltimas horas, en el sector de Caleta Abarca. En ese lugar, personas se encontraban grabando un video para la red social TikTok, momento en que apareci\u00f3 un grupo de delincuentes para arrebatarles el celular que estaban ocupando. <\/p>\n<p>Lo ocurrido fue denunciado a seguridad ciudadana, que lleg\u00f3 al lugar y logr\u00f3 retener a cuatro ladrones, quienes finalmente entregaron a los individuos a <a href=\"https:\/\/www.carabineros.cl\/\">Carabineros<\/a> para su detenci\u00f3n. <\/p>\n<p>El operativo tambi\u00e9n permiti\u00f3 recuperar el aparato sustra\u00eddo.<\/p>\n","protected":false},"excerpt":{"rendered":"<p>Cuatro personas fueron detenidas por robar un celular en medio de la grabaci\u00f3n de un video para TikTok, todo esto en Vi\u00f1a del Mar. El hecho ocurri\u00f3 durante las \u00faltimas horas, en el sector de Caleta Abarca. En ese lugar, personas se encontraban grabando un video para la red social TikTok, momento en que apareci\u00f3 [&hellip;]<\/p>\n","protected":false},"author":2,"featured_media":23071,"comment_status":"closed","ping_status":"open","sticky":false,"template":"","format":"standard","meta":{"_jetpack_memberships_contains_paid_content":false,"jnews-multi-image_gallery":[],"jnews_single_post":[],"jnews_primary_category":[],"jnews_social_meta":[],"jnews_paywall_metabox":[],"jnews_review":[],"enable_review":"","type":"","name":"","summary":"","brand":"","sku":"","good":[],"bad":[],"score_override":"","override_value":"","rating":[],"price":[],"jnews_override_counter":[],"jnews_post_split":[],"footnotes":""},"categories":[21],"tags":[],"class_list":["post-23072","post","type-post","status-publish","format-standard","has-post-thumbnail","hentry","category-nacional"],"jetpack_featured_media_url":"https:\/\/laserenaradio.cl\/web\/wp-content\/uploads\/2026\/01\/mediapiaiextstaticimg_webpcelularvideopersonasMar_1.webp","jetpack_sharing_enabled":true,"_links":{"self":[{"href":"https:\/\/laserenaradio.cl\/web\/wp-json\/wp\/v2\/posts\/23072","targetHints":{"allow":["GET"]}}],"collection":[{"href":"https:\/\/laserenaradio.cl\/web\/wp-json\/wp\/v2\/posts"}],"about":[{"href":"https:\/\/laserenaradio.cl\/web\/wp-json\/wp\/v2\/types\/post"}],"author":[{"embeddable":true,"href":"https:\/\/laserenaradio.cl\/web\/wp-json\/wp\/v2\/users\/2"}],"replies":[{"embeddable":true,"href":"https:\/\/laserenaradio.cl\/web\/wp-json\/wp\/v2\/comments?post=23072"}],"version-history":[{"count":1,"href":"https:\/\/laserenaradio.cl\/web\/wp-json\/wp\/v2\/posts\/23072\/revisions"}],"predecessor-version":[{"id":23073,"href":"https:\/\/laserenaradio.cl\/web\/wp-json\/wp\/v2\/posts\/23072\/revisions\/23073"}],"wp:featuredmedia":[{"embeddable":true,"href":"https:\/\/laserenaradio.cl\/web\/wp-json\/wp\/v2\/media\/23071"}],"wp:attachment":[{"href":"https:\/\/laserenaradio.cl\/web\/wp-json\/wp\/v2\/media?parent=23072"}],"wp:term":[{"taxonomy":"category","embeddable":true,"href":"https:\/\/laserenaradio.cl\/web\/wp-json\/wp\/v2\/categories?post=23072"},{"taxonomy":"post_tag","embeddable":true,"href":"https:\/\/laserenaradio.cl\/web\/wp-json\/wp\/v2\/tags?post=23072"}],"curies":[{"name":"wp","href":"https:\/\/api.w.org\/{rel}","templated":true}]}}