{"id":23069,"date":"2026-01-28T11:31:20","date_gmt":"2026-01-28T14:31:20","guid":{"rendered":"https:\/\/laserenaradio.cl\/web\/?p=23069"},"modified":"2026-01-28T11:31:20","modified_gmt":"2026-01-28T14:31:20","slug":"nina-de-6-meses-intoxicada-con-cocaina-y-su-madre-detenida-en-santiago","status":"publish","type":"post","link":"https:\/\/laserenaradio.cl\/web\/2026\/01\/28\/nina-de-6-meses-intoxicada-con-cocaina-y-su-madre-detenida-en-santiago\/","title":{"rendered":"Ni\u00f1a de 6 meses intoxicada con coca\u00edna y su madre detenida en Santiago"},"content":{"rendered":"<p>Una lactante de seis meses se encuentra en estado grave luego de resultar intoxicada con coca\u00edna en Santiago. Su madre fue detenida y el caso se investiga profundamente.<\/p>\n<p>Todo qued\u00f3 al descubierto cuando una joven de 22 a\u00f1os llev\u00f3 a su hija hasta el Cesfam Ignacio Domeyko, ya que la ni\u00f1a sufri\u00f3 convulsiones y p\u00e9rdida de conciencia. La peque\u00f1a fue trasladada al Hospital San Borja, donde se le realiz\u00f3 un examen positivo a coca\u00edna.<\/p>\n<p>Debido a la gravedad del caso, <a href=\"https:\/\/www.carabineros.cl\/\">Carabineros<\/a> concurrieron a la vivienda de la mujer en calle Esperanza, sin hallar rastros de droga. La <a href=\"https:\/\/www.fiscaliadechile.cl\/\">Fiscal\u00eda<\/a> Centro Norte orden\u00f3 diversas diligencias para determinar c\u00f3mo la ni\u00f1a consumi\u00f3 la sustancia.<\/p>\n<p>Felipe Olivari, fiscal a cargo, se\u00f1al\u00f3 que, ante la eventual responsabilidad de la madre, se procedi\u00f3 a su detenci\u00f3n. La joven de 22 a\u00f1os qued\u00f3 bajo custodia del Ministerio P\u00fablico, esperando que se determine si tuvo alguna responsabilidad en lo ocurrido.<\/p>\n","protected":false},"excerpt":{"rendered":"<p>Una lactante de seis meses se encuentra en estado grave luego de resultar intoxicada con coca\u00edna en Santiago. Su madre fue detenida y el caso se investiga profundamente. Todo qued\u00f3 al descubierto cuando una joven de 22 a\u00f1os llev\u00f3 a su hija hasta el Cesfam Ignacio Domeyko, ya que la ni\u00f1a sufri\u00f3 convulsiones y p\u00e9rdida [&hellip;]<\/p>\n","protected":false},"author":2,"featured_media":23068,"comment_status":"closed","ping_status":"open","sticky":false,"template":"","format":"standard","meta":{"_jetpack_memberships_contains_paid_content":false,"jnews-multi-image_gallery":[],"jnews_single_post":[],"jnews_primary_category":[],"jnews_social_meta":[],"jnews_paywall_metabox":[],"jnews_review":[],"enable_review":"","type":"","name":"","summary":"","brand":"","sku":"","good":[],"bad":[],"score_override":"","override_value":"","rating":[],"price":[],"jnews_override_counter":[],"jnews_post_split":[],"footnotes":""},"categories":[21],"tags":[],"class_list":["post-23069","post","type-post","status-publish","format-standard","has-post-thumbnail","hentry","category-nacional"],"jetpack_featured_media_url":"https:\/\/laserenaradio.cl\/web\/wp-content\/uploads\/2026\/01\/mediapiaiextstaticimg_webpmesesintoxicadadetenida_0.webp","jetpack_sharing_enabled":true,"_links":{"self":[{"href":"https:\/\/laserenaradio.cl\/web\/wp-json\/wp\/v2\/posts\/23069","targetHints":{"allow":["GET"]}}],"collection":[{"href":"https:\/\/laserenaradio.cl\/web\/wp-json\/wp\/v2\/posts"}],"about":[{"href":"https:\/\/laserenaradio.cl\/web\/wp-json\/wp\/v2\/types\/post"}],"author":[{"embeddable":true,"href":"https:\/\/laserenaradio.cl\/web\/wp-json\/wp\/v2\/users\/2"}],"replies":[{"embeddable":true,"href":"https:\/\/laserenaradio.cl\/web\/wp-json\/wp\/v2\/comments?post=23069"}],"version-history":[{"count":1,"href":"https:\/\/laserenaradio.cl\/web\/wp-json\/wp\/v2\/posts\/23069\/revisions"}],"predecessor-version":[{"id":23070,"href":"https:\/\/laserenaradio.cl\/web\/wp-json\/wp\/v2\/posts\/23069\/revisions\/23070"}],"wp:featuredmedia":[{"embeddable":true,"href":"https:\/\/laserenaradio.cl\/web\/wp-json\/wp\/v2\/media\/23068"}],"wp:attachment":[{"href":"https:\/\/laserenaradio.cl\/web\/wp-json\/wp\/v2\/media?parent=23069"}],"wp:term":[{"taxonomy":"category","embeddable":true,"href":"https:\/\/laserenaradio.cl\/web\/wp-json\/wp\/v2\/categories?post=23069"},{"taxonomy":"post_tag","embeddable":true,"href":"https:\/\/laserenaradio.cl\/web\/wp-json\/wp\/v2\/tags?post=23069"}],"curies":[{"name":"wp","href":"https:\/\/api.w.org\/{rel}","templated":true}]}}