{"id":23066,"date":"2026-01-28T11:23:47","date_gmt":"2026-01-28T14:23:47","guid":{"rendered":"https:\/\/laserenaradio.cl\/web\/?p=23066"},"modified":"2026-01-28T11:23:47","modified_gmt":"2026-01-28T14:23:47","slug":"emiten-un-aviso-por-tormentas-electricas-en-las-regiones-de-la-araucania-los-rios-y-los-lagos","status":"publish","type":"post","link":"https:\/\/laserenaradio.cl\/web\/2026\/01\/28\/emiten-un-aviso-por-tormentas-electricas-en-las-regiones-de-la-araucania-los-rios-y-los-lagos\/","title":{"rendered":"Emiten un Aviso por Tormentas El\u00e9ctricas en las regiones de La Araucan\u00eda, Los R\u00edos y Los Lagos"},"content":{"rendered":"<p>Desde la Direcci\u00f3n Meteorol\u00f3gica de Chile, emitieron el Aviso A40\/2026 por Tormentas El\u00e9ctricas debido a la condici\u00f3n sin\u00f3ptica Baja segregada.<\/p>\n<p>En detalle, la <a href=\"http:\/\/www.meteochile.gob.cl\/PortalDMC-web\/index.xhtml\" rel=\"nofollow\">Direcci\u00f3n Meteorol\u00f3gica de Chile<\/a>, indica que este fen\u00f3meno se encontrar\u00e1 vigente desde <strong>la tarde del jueves 29 de enero del 2026<\/strong> y hasta <strong>la noche del viernes 30 de enero del 2026<\/strong>.<\/p>\n<p>Las zonas afectadas por la condici\u00f3n ser\u00edan:<br \/>\nLa Araucan\u00eda (Litoral, Cordillera Costa, Valle, Precordillera, Cordillera)<br \/>Los R\u00edos (Litoral, Cordillera Costa, Valle, Precordillera, Cordillera)<br \/>Los Lagos (Cordillera)<\/p>\n<p>Debido a esta condici\u00f3n, se llama a tener precauci\u00f3n y cautela por el Aviso vigente por Probables Tormentas El\u00e9ctricas en zonas de las regiones de La Araucan\u00eda, Los R\u00edos y Los Lagos.<\/p>\n","protected":false},"excerpt":{"rendered":"<p>Desde la Direcci\u00f3n Meteorol\u00f3gica de Chile, emitieron el Aviso A40\/2026 por Tormentas El\u00e9ctricas debido a la condici\u00f3n sin\u00f3ptica Baja segregada. En detalle, la Direcci\u00f3n Meteorol\u00f3gica de Chile, indica que este fen\u00f3meno se encontrar\u00e1 vigente desde la tarde del jueves 29 de enero del 2026 y hasta la noche del viernes 30 de enero del 2026. [&hellip;]<\/p>\n","protected":false},"author":2,"featured_media":23065,"comment_status":"closed","ping_status":"open","sticky":false,"template":"","format":"standard","meta":{"_jetpack_memberships_contains_paid_content":false,"jnews-multi-image_gallery":[],"jnews_single_post":[],"jnews_primary_category":[],"jnews_social_meta":[],"jnews_paywall_metabox":[],"jnews_review":[],"enable_review":"","type":"","name":"","summary":"","brand":"","sku":"","good":[],"bad":[],"score_override":"","override_value":"","rating":[],"price":[],"jnews_override_counter":[],"jnews_post_split":[],"footnotes":""},"categories":[21],"tags":[],"class_list":["post-23066","post","type-post","status-publish","format-standard","has-post-thumbnail","hentry","category-nacional"],"jetpack_featured_media_url":"https:\/\/laserenaradio.cl\/web\/wp-content\/uploads\/2026\/01\/mediapiaiextstaticimg_webpAvisoCordilleraChileTormentas_1.webp","jetpack_sharing_enabled":true,"_links":{"self":[{"href":"https:\/\/laserenaradio.cl\/web\/wp-json\/wp\/v2\/posts\/23066","targetHints":{"allow":["GET"]}}],"collection":[{"href":"https:\/\/laserenaradio.cl\/web\/wp-json\/wp\/v2\/posts"}],"about":[{"href":"https:\/\/laserenaradio.cl\/web\/wp-json\/wp\/v2\/types\/post"}],"author":[{"embeddable":true,"href":"https:\/\/laserenaradio.cl\/web\/wp-json\/wp\/v2\/users\/2"}],"replies":[{"embeddable":true,"href":"https:\/\/laserenaradio.cl\/web\/wp-json\/wp\/v2\/comments?post=23066"}],"version-history":[{"count":1,"href":"https:\/\/laserenaradio.cl\/web\/wp-json\/wp\/v2\/posts\/23066\/revisions"}],"predecessor-version":[{"id":23067,"href":"https:\/\/laserenaradio.cl\/web\/wp-json\/wp\/v2\/posts\/23066\/revisions\/23067"}],"wp:featuredmedia":[{"embeddable":true,"href":"https:\/\/laserenaradio.cl\/web\/wp-json\/wp\/v2\/media\/23065"}],"wp:attachment":[{"href":"https:\/\/laserenaradio.cl\/web\/wp-json\/wp\/v2\/media?parent=23066"}],"wp:term":[{"taxonomy":"category","embeddable":true,"href":"https:\/\/laserenaradio.cl\/web\/wp-json\/wp\/v2\/categories?post=23066"},{"taxonomy":"post_tag","embeddable":true,"href":"https:\/\/laserenaradio.cl\/web\/wp-json\/wp\/v2\/tags?post=23066"}],"curies":[{"name":"wp","href":"https:\/\/api.w.org\/{rel}","templated":true}]}}