{"id":23052,"date":"2026-01-28T10:38:12","date_gmt":"2026-01-28T13:38:12","guid":{"rendered":"https:\/\/laserenaradio.cl\/web\/?p=23052"},"modified":"2026-01-28T10:38:12","modified_gmt":"2026-01-28T13:38:12","slug":"gobierno-implementa-subsidio-de-retencion-laboral-para-empresas-afectadas-por-incendios-forestales-en-nuble-y-bio-bio","status":"publish","type":"post","link":"https:\/\/laserenaradio.cl\/web\/2026\/01\/28\/gobierno-implementa-subsidio-de-retencion-laboral-para-empresas-afectadas-por-incendios-forestales-en-nuble-y-bio-bio\/","title":{"rendered":"Gobierno implementa Subsidio de Retenci\u00f3n Laboral para empresas afectadas por incendios forestales en \u00d1uble y B\u00edo B\u00edo"},"content":{"rendered":"<p>El Gobierno anunci\u00f3 la implementaci\u00f3n del Subsidio de Retenci\u00f3n Laboral para empresas de \u00d1uble afectadas por incendios forestales en enero. Este programa ser\u00e1 gestionado por la Delegaci\u00f3n Presidencial Regional, Seremi del Trabajo y Sence, con el objetivo de apoyar a aquellas que sufrieron p\u00e9rdidas laborales o enfrentan riesgos significativos.<\/p>\n<p>La medida consiste en un subsidio pagado directamente a las empresas, que deben demostrar afectaciones que comprometan su capacidad operativa ante la Seremi del Trabajo. La postulaci\u00f3n comenzar\u00e1 el 2 de febrero e incluir\u00e1 a empresas del B\u00edo B\u00edo, con bonificaciones de hasta 80% de un Ingreso M\u00ednimo Mensual (IMM) por tres meses.<\/p>\n<p>Para aquellas firmas que emplean menos de 200 trabajadores, se priorizar\u00e1 el apoyo debido a las mayores dificultades para mantener operaciones tras un siniestro como incendios. La postulaci\u00f3n ser\u00e1 realizada v\u00eda www.subsidioalempleo.cl y estar\u00e1 disponible hasta el 31 de diciembre de 2025.<\/p>\n<p>Una vez finalizado el proceso, autoridades realizar\u00e1n visitas a las empresas para evaluar su situaci\u00f3n y elaborar informes que reflejen la magnitud econ\u00f3mica del impacto.<\/p>\n","protected":false},"excerpt":{"rendered":"<p>El Gobierno anunci\u00f3 la implementaci\u00f3n del Subsidio de Retenci\u00f3n Laboral para empresas de \u00d1uble afectadas por incendios forestales en enero. Este programa ser\u00e1 gestionado por la Delegaci\u00f3n Presidencial Regional, Seremi del Trabajo y Sence, con el objetivo de apoyar a aquellas que sufrieron p\u00e9rdidas laborales o enfrentan riesgos significativos. La medida consiste en un subsidio [&hellip;]<\/p>\n","protected":false},"author":2,"featured_media":23051,"comment_status":"closed","ping_status":"open","sticky":false,"template":"","format":"standard","meta":{"_jetpack_memberships_contains_paid_content":false,"jnews-multi-image_gallery":[],"jnews_single_post":[],"jnews_primary_category":[],"jnews_social_meta":[],"jnews_paywall_metabox":[],"jnews_review":[],"enable_review":"","type":"","name":"","summary":"","brand":"","sku":"","good":[],"bad":[],"score_override":"","override_value":"","rating":[],"price":[],"jnews_override_counter":[],"jnews_post_split":[],"footnotes":""},"categories":[21],"tags":[],"class_list":["post-23052","post","type-post","status-publish","format-standard","has-post-thumbnail","hentry","category-nacional"],"jetpack_featured_media_url":"https:\/\/laserenaradio.cl\/web\/wp-content\/uploads\/2026\/01\/mediapiaiextstaticimg_webpempresasincendiosSubsidioLaboral_1.webp","jetpack_sharing_enabled":true,"_links":{"self":[{"href":"https:\/\/laserenaradio.cl\/web\/wp-json\/wp\/v2\/posts\/23052","targetHints":{"allow":["GET"]}}],"collection":[{"href":"https:\/\/laserenaradio.cl\/web\/wp-json\/wp\/v2\/posts"}],"about":[{"href":"https:\/\/laserenaradio.cl\/web\/wp-json\/wp\/v2\/types\/post"}],"author":[{"embeddable":true,"href":"https:\/\/laserenaradio.cl\/web\/wp-json\/wp\/v2\/users\/2"}],"replies":[{"embeddable":true,"href":"https:\/\/laserenaradio.cl\/web\/wp-json\/wp\/v2\/comments?post=23052"}],"version-history":[{"count":1,"href":"https:\/\/laserenaradio.cl\/web\/wp-json\/wp\/v2\/posts\/23052\/revisions"}],"predecessor-version":[{"id":23053,"href":"https:\/\/laserenaradio.cl\/web\/wp-json\/wp\/v2\/posts\/23052\/revisions\/23053"}],"wp:featuredmedia":[{"embeddable":true,"href":"https:\/\/laserenaradio.cl\/web\/wp-json\/wp\/v2\/media\/23051"}],"wp:attachment":[{"href":"https:\/\/laserenaradio.cl\/web\/wp-json\/wp\/v2\/media?parent=23052"}],"wp:term":[{"taxonomy":"category","embeddable":true,"href":"https:\/\/laserenaradio.cl\/web\/wp-json\/wp\/v2\/categories?post=23052"},{"taxonomy":"post_tag","embeddable":true,"href":"https:\/\/laserenaradio.cl\/web\/wp-json\/wp\/v2\/tags?post=23052"}],"curies":[{"name":"wp","href":"https:\/\/api.w.org\/{rel}","templated":true}]}}