{"id":23042,"date":"2026-01-27T16:58:57","date_gmt":"2026-01-27T19:58:57","guid":{"rendered":"https:\/\/laserenaradio.cl\/web\/?p=23042"},"modified":"2026-01-27T16:58:57","modified_gmt":"2026-01-27T19:58:57","slug":"cuatro-ciudadanos-venezolanos-condenados-a-presidio-perpetuo-por-asesinato-de-agricultores-en-chile","status":"publish","type":"post","link":"https:\/\/laserenaradio.cl\/web\/2026\/01\/27\/cuatro-ciudadanos-venezolanos-condenados-a-presidio-perpetuo-por-asesinato-de-agricultores-en-chile\/","title":{"rendered":"Cuatro ciudadanos venezolanos condenados a presidio perpetuo por asesinato de agricultores en Chile"},"content":{"rendered":"<p>Este martes, el Tribunal de Juicio Oral en lo Penal de Rancagua dictamin\u00f3 sentencia contra cuatro ciudadanos venezolanos por el asesinato de dos agricultores en Malloa, ocurrido en enero de 2024. La pena impuesta es presidio perpetuo simple, con un m\u00ednimo de 20 a\u00f1os sin beneficios penitenciarios.<\/p>\n<p>La sentencia tuvo una fuerte resonancia emocional entre las familias de las v\u00edctimas, quienes asistieron a la audiencia en el tribunal rancag\u00fcino. Esta decisi\u00f3n pone fin a uno de los cap\u00edtulos m\u00e1s significativos del proceso judicial.<\/p>\n<p>Seg\u00fan los antecedentes presentados durante el juicio, los cr\u00edmenes ocurrieron cuando Francisco Mora y Ra\u00fal Cid regresaban en cami\u00f3n desde la regi\u00f3n Metropolitana hasta su domicilio. Los agricultores transportaban sus productos agr\u00edcolas desde Lo Valledor, Santiago.<\/p>\n<p>Al llegar al cruce Malloa de la Ruta H-66-G, conocida como Ruta de la Fruta, fueron interceptados por un veh\u00edculo conducido por los condenados. En el ataque particip\u00f3 tambi\u00e9n un menor de 15 a\u00f1os, hijo de uno de los agricultores, quien result\u00f3 herido.<\/p>\n<p>Los asaltantes exigieron dinero, y aunque el adolescente entreg\u00f3 una mochila, esto no impedir\u00eda que los asesinos dispararan con armas de fuego. Tras sustraer el dinero y cometer los cr\u00edmenes, los delincuentes huyeron rumbo a la regi\u00f3n Metropolitana.<\/p>\n<p>No obstante, fueron detenidos en un operativo de <a href=\"https:\/\/www.carabineros.cl\/\">Carabineros<\/a>, que incluy\u00f3 una persecuci\u00f3n por la Ruta 5 Sur y el apoyo de un helic\u00f3ptero. Este procedimiento permiti\u00f3 la captura de los acusados.<\/p>\n","protected":false},"excerpt":{"rendered":"<p>Este martes, el Tribunal de Juicio Oral en lo Penal de Rancagua dictamin\u00f3 sentencia contra cuatro ciudadanos venezolanos por el asesinato de dos agricultores en Malloa, ocurrido en enero de 2024. La pena impuesta es presidio perpetuo simple, con un m\u00ednimo de 20 a\u00f1os sin beneficios penitenciarios. La sentencia tuvo una fuerte resonancia emocional entre [&hellip;]<\/p>\n","protected":false},"author":2,"featured_media":23041,"comment_status":"closed","ping_status":"open","sticky":false,"template":"","format":"standard","meta":{"_jetpack_memberships_contains_paid_content":false,"jnews-multi-image_gallery":[],"jnews_single_post":[],"jnews_primary_category":[],"jnews_social_meta":[],"jnews_paywall_metabox":[],"jnews_review":[],"enable_review":"","type":"","name":"","summary":"","brand":"","sku":"","good":[],"bad":[],"score_override":"","override_value":"","rating":[],"price":[],"jnews_override_counter":[],"jnews_post_split":[],"footnotes":""},"categories":[21],"tags":[],"class_list":["post-23042","post","type-post","status-publish","format-standard","has-post-thumbnail","hentry","category-nacional"],"jetpack_featured_media_url":"https:\/\/laserenaradio.cl\/web\/wp-content\/uploads\/2026\/01\/mediapiaiextstaticimg_webpagricultoresRutasentenciaciudadanos_1.webp","jetpack_sharing_enabled":true,"_links":{"self":[{"href":"https:\/\/laserenaradio.cl\/web\/wp-json\/wp\/v2\/posts\/23042","targetHints":{"allow":["GET"]}}],"collection":[{"href":"https:\/\/laserenaradio.cl\/web\/wp-json\/wp\/v2\/posts"}],"about":[{"href":"https:\/\/laserenaradio.cl\/web\/wp-json\/wp\/v2\/types\/post"}],"author":[{"embeddable":true,"href":"https:\/\/laserenaradio.cl\/web\/wp-json\/wp\/v2\/users\/2"}],"replies":[{"embeddable":true,"href":"https:\/\/laserenaradio.cl\/web\/wp-json\/wp\/v2\/comments?post=23042"}],"version-history":[{"count":1,"href":"https:\/\/laserenaradio.cl\/web\/wp-json\/wp\/v2\/posts\/23042\/revisions"}],"predecessor-version":[{"id":23043,"href":"https:\/\/laserenaradio.cl\/web\/wp-json\/wp\/v2\/posts\/23042\/revisions\/23043"}],"wp:featuredmedia":[{"embeddable":true,"href":"https:\/\/laserenaradio.cl\/web\/wp-json\/wp\/v2\/media\/23041"}],"wp:attachment":[{"href":"https:\/\/laserenaradio.cl\/web\/wp-json\/wp\/v2\/media?parent=23042"}],"wp:term":[{"taxonomy":"category","embeddable":true,"href":"https:\/\/laserenaradio.cl\/web\/wp-json\/wp\/v2\/categories?post=23042"},{"taxonomy":"post_tag","embeddable":true,"href":"https:\/\/laserenaradio.cl\/web\/wp-json\/wp\/v2\/tags?post=23042"}],"curies":[{"name":"wp","href":"https:\/\/api.w.org\/{rel}","templated":true}]}}