{"id":23028,"date":"2026-01-27T16:38:19","date_gmt":"2026-01-27T19:38:19","guid":{"rendered":"https:\/\/laserenaradio.cl\/web\/?p=23028"},"modified":"2026-01-27T16:38:19","modified_gmt":"2026-01-27T19:38:19","slug":"prohibicion-de-bano-en-cartagena-el-tabo-y-santo-domingo-por-avistamiento-de-fragata-portuguesa","status":"publish","type":"post","link":"https:\/\/laserenaradio.cl\/web\/2026\/01\/27\/prohibicion-de-bano-en-cartagena-el-tabo-y-santo-domingo-por-avistamiento-de-fragata-portuguesa\/","title":{"rendered":"Prohibici\u00f3n de ba\u00f1o en Cartagena, El Tabo y Santo Domingo por avistamiento de fragata portuguesa"},"content":{"rendered":"<p>La Seremi de Salud de Valpara\u00edso mantiene la prohibici\u00f3n temporal de ba\u00f1o y actividades recreativas en Cartagena, El Tabo y Santo Domingo. Este avistamiento de ejemplares de fragata portuguesa se da tras las condiciones clim\u00e1ticas extremas de reciente, favorecidas por el cambio clim\u00e1tico.<\/p>\n<p>El gobernador mar\u00edtimo de San Antonio, Sebasti\u00e1n Sep\u00falveda, hizo un llamado al autocuidado, especialmente a los turistas visitando la zona este verano. La fragata portuguesa emerge debido a las altas temperaturas registradas en la regi\u00f3n.<\/p>\n<p>Pamela Varas, directora de Enfermer\u00eda de la Universidad Andr\u00e9s Bello, reiter\u00f3 el llamado a no ingresar al mar ni manipular estos organismos, advirtiendo que sus tent\u00e1culos pueden provocar lesiones cut\u00e1neas dolorosas. Incluso si est\u00e9n muertos, el veneno puede estar activo durante 48 horas.<\/p>\n<p>Cada tent\u00e1culo de la fragata portuguesa puede medir hasta 50 metros, lo cual aumenta el riesgo para los ba\u00f1istas. Sep\u00falveda hizo un llamado a mantenerse alerta y respetar las restricciones establecidas por las autoridades.<\/p>\n<p>Finalmente, desde el <a href=\"http:\/\/www.minsal.cl\/\">Ministerio de Salud<\/a> se record\u00f3 que ante una picadura se debe lavar la zona con agua de mar, retirar los restos de tent\u00e1culos sin frotar y acudir a un centro de salud si los s\u00edntomas persisten. Las medidas preventivas buscan asegurar la seguridad y bienestar de todos los usuarios de las playas afectadas.<\/p>\n","protected":false},"excerpt":{"rendered":"<p>La Seremi de Salud de Valpara\u00edso mantiene la prohibici\u00f3n temporal de ba\u00f1o y actividades recreativas en Cartagena, El Tabo y Santo Domingo. Este avistamiento de ejemplares de fragata portuguesa se da tras las condiciones clim\u00e1ticas extremas de reciente, favorecidas por el cambio clim\u00e1tico. El gobernador mar\u00edtimo de San Antonio, Sebasti\u00e1n Sep\u00falveda, hizo un llamado al [&hellip;]<\/p>\n","protected":false},"author":2,"featured_media":23027,"comment_status":"closed","ping_status":"open","sticky":false,"template":"","format":"standard","meta":{"_jetpack_memberships_contains_paid_content":false,"jnews-multi-image_gallery":[],"jnews_single_post":[],"jnews_primary_category":[],"jnews_social_meta":[],"jnews_paywall_metabox":[],"jnews_review":[],"enable_review":"","type":"","name":"","summary":"","brand":"","sku":"","good":[],"bad":[],"score_override":"","override_value":"","rating":[],"price":[],"jnews_override_counter":[],"jnews_post_split":[],"footnotes":""},"categories":[21],"tags":[],"class_list":["post-23028","post","type-post","status-publish","format-standard","has-post-thumbnail","hentry","category-nacional"],"jetpack_featured_media_url":"https:\/\/laserenaradio.cl\/web\/wp-content\/uploads\/2026\/01\/mediapiaiextstaticimg_webpProhibicionfragata_1.webp","jetpack_sharing_enabled":true,"_links":{"self":[{"href":"https:\/\/laserenaradio.cl\/web\/wp-json\/wp\/v2\/posts\/23028","targetHints":{"allow":["GET"]}}],"collection":[{"href":"https:\/\/laserenaradio.cl\/web\/wp-json\/wp\/v2\/posts"}],"about":[{"href":"https:\/\/laserenaradio.cl\/web\/wp-json\/wp\/v2\/types\/post"}],"author":[{"embeddable":true,"href":"https:\/\/laserenaradio.cl\/web\/wp-json\/wp\/v2\/users\/2"}],"replies":[{"embeddable":true,"href":"https:\/\/laserenaradio.cl\/web\/wp-json\/wp\/v2\/comments?post=23028"}],"version-history":[{"count":1,"href":"https:\/\/laserenaradio.cl\/web\/wp-json\/wp\/v2\/posts\/23028\/revisions"}],"predecessor-version":[{"id":23029,"href":"https:\/\/laserenaradio.cl\/web\/wp-json\/wp\/v2\/posts\/23028\/revisions\/23029"}],"wp:featuredmedia":[{"embeddable":true,"href":"https:\/\/laserenaradio.cl\/web\/wp-json\/wp\/v2\/media\/23027"}],"wp:attachment":[{"href":"https:\/\/laserenaradio.cl\/web\/wp-json\/wp\/v2\/media?parent=23028"}],"wp:term":[{"taxonomy":"category","embeddable":true,"href":"https:\/\/laserenaradio.cl\/web\/wp-json\/wp\/v2\/categories?post=23028"},{"taxonomy":"post_tag","embeddable":true,"href":"https:\/\/laserenaradio.cl\/web\/wp-json\/wp\/v2\/tags?post=23028"}],"curies":[{"name":"wp","href":"https:\/\/api.w.org\/{rel}","templated":true}]}}