{"id":23016,"date":"2026-01-27T11:23:31","date_gmt":"2026-01-27T14:23:31","guid":{"rendered":"https:\/\/laserenaradio.cl\/web\/?p=23016"},"modified":"2026-01-27T11:23:31","modified_gmt":"2026-01-27T14:23:31","slug":"polemica-por-declaraciones-sobre-agricultores-y-incendios-forestales-en-la-araucania","status":"publish","type":"post","link":"https:\/\/laserenaradio.cl\/web\/2026\/01\/27\/polemica-por-declaraciones-sobre-agricultores-y-incendios-forestales-en-la-araucania\/","title":{"rendered":"Pol\u00e9mica por declaraciones sobre agricultores y incendios forestales en La Araucan\u00eda"},"content":{"rendered":"<p>Pol\u00e9mica se ha generado en la regi\u00f3n de La Araucan\u00eda debido a las declaraciones del subsecretario del Interior V\u00edctor Ramos y posteriormente del seremi de Seguridad P\u00fablica Israel Campusano, sobre la posible responsabilidad de los agricultores en el inicio de incendios forestales.<\/p>\n<p>Campusano mencion\u00f3 que existen 76 detenidos por su eventual responsabilidad, donde un 78% son personas que no notificaron quemas a Conaf. Gran parte de estos individuos pertenecen al sector agr\u00edcola.<\/p>\n<p>Eduardo Renner, presidente de la Sociedad de Fomento Agr\u00edcola (SOFO) de Temuco, reconoci\u00f3 que podr\u00eda generarse incendios no intencionalmente ni negligentemente usando m\u00e1quinas durante faenas. Asegur\u00f3 que las autoridades no poseen todos los antecedentes, ya que en ocasiones el fuego comienza en predios colindantes y se propaga a cultivos.<\/p>\n<p>Sebasti\u00e1n Naveill\u00e1n, presidente de la Asociaci\u00f3n de Agricultores de Malleco, llam\u00f3 al Gobierno a no encubrir la intencionalidad. Atribuy\u00f3 la responsabilidad del inicio del fuego a personas que buscan da\u00f1ar a la regi\u00f3n y refut\u00f3 la cifra de un 57% de intencionalidad reportada por Conaf en los incendios forestales.<\/p>\n<p>Campusano insiste en que las autoridades quieren desligarse del tema, afirmando: &#8220;Lo que no corresponde es que alguien se lave las manos&#8221;. Finalmente, Campusano indic\u00f3 la importancia de una corresponsabilidad para prevenir los incendios forestales.<\/p>\n","protected":false},"excerpt":{"rendered":"<p>Pol\u00e9mica se ha generado en la regi\u00f3n de La Araucan\u00eda debido a las declaraciones del subsecretario del Interior V\u00edctor Ramos y posteriormente del seremi de Seguridad P\u00fablica Israel Campusano, sobre la posible responsabilidad de los agricultores en el inicio de incendios forestales. Campusano mencion\u00f3 que existen 76 detenidos por su eventual responsabilidad, donde un 78% [&hellip;]<\/p>\n","protected":false},"author":2,"featured_media":9076,"comment_status":"closed","ping_status":"open","sticky":false,"template":"","format":"standard","meta":{"_jetpack_memberships_contains_paid_content":false,"jnews-multi-image_gallery":[],"jnews_single_post":[],"jnews_primary_category":[],"jnews_social_meta":[],"jnews_paywall_metabox":[],"jnews_review":[],"enable_review":"","type":"","name":"","summary":"","brand":"","sku":"","good":[],"bad":[],"score_override":"","override_value":"","rating":[],"price":[],"jnews_override_counter":[],"jnews_post_split":[],"footnotes":""},"categories":[21],"tags":[],"class_list":["post-23016","post","type-post","status-publish","format-standard","has-post-thumbnail","hentry","category-nacional"],"jetpack_featured_media_url":"https:\/\/laserenaradio.cl\/web\/wp-content\/uploads\/2024\/12\/laserenaradio_nacional.webp","jetpack_sharing_enabled":true,"_links":{"self":[{"href":"https:\/\/laserenaradio.cl\/web\/wp-json\/wp\/v2\/posts\/23016","targetHints":{"allow":["GET"]}}],"collection":[{"href":"https:\/\/laserenaradio.cl\/web\/wp-json\/wp\/v2\/posts"}],"about":[{"href":"https:\/\/laserenaradio.cl\/web\/wp-json\/wp\/v2\/types\/post"}],"author":[{"embeddable":true,"href":"https:\/\/laserenaradio.cl\/web\/wp-json\/wp\/v2\/users\/2"}],"replies":[{"embeddable":true,"href":"https:\/\/laserenaradio.cl\/web\/wp-json\/wp\/v2\/comments?post=23016"}],"version-history":[{"count":1,"href":"https:\/\/laserenaradio.cl\/web\/wp-json\/wp\/v2\/posts\/23016\/revisions"}],"predecessor-version":[{"id":23017,"href":"https:\/\/laserenaradio.cl\/web\/wp-json\/wp\/v2\/posts\/23016\/revisions\/23017"}],"wp:featuredmedia":[{"embeddable":true,"href":"https:\/\/laserenaradio.cl\/web\/wp-json\/wp\/v2\/media\/9076"}],"wp:attachment":[{"href":"https:\/\/laserenaradio.cl\/web\/wp-json\/wp\/v2\/media?parent=23016"}],"wp:term":[{"taxonomy":"category","embeddable":true,"href":"https:\/\/laserenaradio.cl\/web\/wp-json\/wp\/v2\/categories?post=23016"},{"taxonomy":"post_tag","embeddable":true,"href":"https:\/\/laserenaradio.cl\/web\/wp-json\/wp\/v2\/tags?post=23016"}],"curies":[{"name":"wp","href":"https:\/\/api.w.org\/{rel}","templated":true}]}}