{"id":23014,"date":"2026-01-27T11:19:56","date_gmt":"2026-01-27T14:19:56","guid":{"rendered":"https:\/\/laserenaradio.cl\/web\/?p=23014"},"modified":"2026-01-27T11:19:56","modified_gmt":"2026-01-27T14:19:56","slug":"metro-de-santiago-implementa-pago-con-tarjetas-bancarias","status":"publish","type":"post","link":"https:\/\/laserenaradio.cl\/web\/2026\/01\/27\/metro-de-santiago-implementa-pago-con-tarjetas-bancarias\/","title":{"rendered":"Metro de Santiago implementa pago con tarjetas bancarias"},"content":{"rendered":"<p>El <a href=\"http:\/\/www.mtt.gob.cl\/\">Ministerio de Transportes y Telecomunicaciones<\/a> anunci\u00f3 un nuevo avance para el Metro de Santiago y el Tren Nos\u2013Estaci\u00f3n Central, permitiendo desde febrero el uso de tarjetas bancarias mediante el m\u00e9todo Pago \u00c1gil.<\/p>\n<p>Esta medida posicionar\u00e1 a la capital junto a otras ciudades como Londres, Madrid, Chicago, Ciudad de M\u00e9xico o R\u00edo de Janeiro, que ya cuentan con esta opci\u00f3n. El ministro Juan Carlos Mu\u00f1oz se mostr\u00f3 satisfecho por la alianza p\u00fablico-privada con Visa y Mastercard.<\/p>\n<p>Quienes viajen en Metro o Tren Nos podr\u00e1n hacer uso de tarjetas bancarias f\u00edsicas o habilitadas en dispositivos m\u00f3viles para pagar sus viajes, manteniendo el beneficio de la intermodalidad. La medida ser\u00e1 progresiva y controlada, disponible inicialmente en los servicios especificados, para ser extendida a buses a fines de 2026.<\/p>\n<p>El 90 % de la poblaci\u00f3n adulta en Chile tiene alg\u00fan producto bancario, mientras que el 40 % de los viajes de Red Movilidad se realizan entre Metro y el Tren Nos\u2013Estaci\u00f3n Central. Este avance beneficia tanto a usuarios regulares como espor\u00e1dicos, incluyendo turistas.<\/p>\n<p>Incorporar tarjetas bancarias sin contacto mejora la experiencia del viaje, simplifica los traslados, evita filas y alinea el sistema con est\u00e1ndares internacionales. El gerente general de Metro, Felipe Bravo, destac\u00f3 la gradualidad de la implementaci\u00f3n.<\/p>\n<p>La nueva forma de pago permitir\u00e1 a 79 mil pasajeros diarios en el tren Nos\u2013Estaci\u00f3n Central una experiencia m\u00e1s r\u00e1pida y conectada con el resto del sistema de transporte p\u00fablico. Paola Tapia, directora de Transporte P\u00fablico Metropolitano, explic\u00f3 los procesos implementados.<\/p>\n<p>Esta tecnolog\u00eda ya ha sido impulsada en ciudades como Copiap\u00f3, Rancagua, Chill\u00e1n, Temuco y Punta Arenas, y pr\u00f3ximamente se sumar\u00e1n Antofagasta y La Serena\u2013Coquimbo. Todas las informaciones sobre Pago \u00c1gil est\u00e1n disponibles en su sitio web.<\/p>\n","protected":false},"excerpt":{"rendered":"<p>El Ministerio de Transportes y Telecomunicaciones anunci\u00f3 un nuevo avance para el Metro de Santiago y el Tren Nos\u2013Estaci\u00f3n Central, permitiendo desde febrero el uso de tarjetas bancarias mediante el m\u00e9todo Pago \u00c1gil. Esta medida posicionar\u00e1 a la capital junto a otras ciudades como Londres, Madrid, Chicago, Ciudad de M\u00e9xico o R\u00edo de Janeiro, que [&hellip;]<\/p>\n","protected":false},"author":2,"featured_media":23013,"comment_status":"closed","ping_status":"open","sticky":false,"template":"","format":"standard","meta":{"_jetpack_memberships_contains_paid_content":false,"jnews-multi-image_gallery":[],"jnews_single_post":[],"jnews_primary_category":[],"jnews_social_meta":[],"jnews_paywall_metabox":[],"jnews_review":[],"enable_review":"","type":"","name":"","summary":"","brand":"","sku":"","good":[],"bad":[],"score_override":"","override_value":"","rating":[],"price":[],"jnews_override_counter":[],"jnews_post_split":[],"footnotes":""},"categories":[21],"tags":[],"class_list":["post-23014","post","type-post","status-publish","format-standard","has-post-thumbnail","hentry","category-nacional"],"jetpack_featured_media_url":"https:\/\/laserenaradio.cl\/web\/wp-content\/uploads\/2026\/01\/mediapiaiextstaticimg_webpMetrotarjetasbancariasTrenNos_1.webp","jetpack_sharing_enabled":true,"_links":{"self":[{"href":"https:\/\/laserenaradio.cl\/web\/wp-json\/wp\/v2\/posts\/23014","targetHints":{"allow":["GET"]}}],"collection":[{"href":"https:\/\/laserenaradio.cl\/web\/wp-json\/wp\/v2\/posts"}],"about":[{"href":"https:\/\/laserenaradio.cl\/web\/wp-json\/wp\/v2\/types\/post"}],"author":[{"embeddable":true,"href":"https:\/\/laserenaradio.cl\/web\/wp-json\/wp\/v2\/users\/2"}],"replies":[{"embeddable":true,"href":"https:\/\/laserenaradio.cl\/web\/wp-json\/wp\/v2\/comments?post=23014"}],"version-history":[{"count":1,"href":"https:\/\/laserenaradio.cl\/web\/wp-json\/wp\/v2\/posts\/23014\/revisions"}],"predecessor-version":[{"id":23015,"href":"https:\/\/laserenaradio.cl\/web\/wp-json\/wp\/v2\/posts\/23014\/revisions\/23015"}],"wp:featuredmedia":[{"embeddable":true,"href":"https:\/\/laserenaradio.cl\/web\/wp-json\/wp\/v2\/media\/23013"}],"wp:attachment":[{"href":"https:\/\/laserenaradio.cl\/web\/wp-json\/wp\/v2\/media?parent=23014"}],"wp:term":[{"taxonomy":"category","embeddable":true,"href":"https:\/\/laserenaradio.cl\/web\/wp-json\/wp\/v2\/categories?post=23014"},{"taxonomy":"post_tag","embeddable":true,"href":"https:\/\/laserenaradio.cl\/web\/wp-json\/wp\/v2\/tags?post=23014"}],"curies":[{"name":"wp","href":"https:\/\/api.w.org\/{rel}","templated":true}]}}