{"id":23011,"date":"2026-01-27T11:15:13","date_gmt":"2026-01-27T14:15:13","guid":{"rendered":"https:\/\/laserenaradio.cl\/web\/?p=23011"},"modified":"2026-01-27T11:15:13","modified_gmt":"2026-01-27T14:15:13","slug":"demoleran-estructuras-en-la-propiedad-de-julia-chunil-para-busqueda-de-su-cuerpo","status":"publish","type":"post","link":"https:\/\/laserenaradio.cl\/web\/2026\/01\/27\/demoleran-estructuras-en-la-propiedad-de-julia-chunil-para-busqueda-de-su-cuerpo\/","title":{"rendered":"Demoler\u00e1n estructuras en la propiedad de Julia Chu\u00f1il para b\u00fasqueda de su cuerpo"},"content":{"rendered":"<p>El Juzgado de Garant\u00eda de Los Lagos otorg\u00f3 permiso para demolir una vivienda y una bodega en el predio de Julia Chu\u00f1il. <\/p>\n<p>La bodega es particularmente significativa debido al hallazgo reciente de sangre humana en su interior, as\u00ed como en ciertas herramientas. Asimismo, se permiti\u00f3 retirar vegetaci\u00f3n y efectuar excavaciones para continuar la b\u00fasqueda del cuerpo.<\/p>\n","protected":false},"excerpt":{"rendered":"<p>El Juzgado de Garant\u00eda de Los Lagos otorg\u00f3 permiso para demolir una vivienda y una bodega en el predio de Julia Chu\u00f1il. La bodega es particularmente significativa debido al hallazgo reciente de sangre humana en su interior, as\u00ed como en ciertas herramientas. Asimismo, se permiti\u00f3 retirar vegetaci\u00f3n y efectuar excavaciones para continuar la b\u00fasqueda del [&hellip;]<\/p>\n","protected":false},"author":2,"featured_media":9076,"comment_status":"closed","ping_status":"open","sticky":false,"template":"","format":"standard","meta":{"_jetpack_memberships_contains_paid_content":false,"jnews-multi-image_gallery":[],"jnews_single_post":[],"jnews_primary_category":[],"jnews_social_meta":[],"jnews_paywall_metabox":[],"jnews_review":[],"enable_review":"","type":"","name":"","summary":"","brand":"","sku":"","good":[],"bad":[],"score_override":"","override_value":"","rating":[],"price":[],"jnews_override_counter":[],"jnews_post_split":[],"footnotes":""},"categories":[21],"tags":[],"class_list":["post-23011","post","type-post","status-publish","format-standard","has-post-thumbnail","hentry","category-nacional"],"jetpack_featured_media_url":"https:\/\/laserenaradio.cl\/web\/wp-content\/uploads\/2024\/12\/laserenaradio_nacional.webp","jetpack_sharing_enabled":true,"_links":{"self":[{"href":"https:\/\/laserenaradio.cl\/web\/wp-json\/wp\/v2\/posts\/23011","targetHints":{"allow":["GET"]}}],"collection":[{"href":"https:\/\/laserenaradio.cl\/web\/wp-json\/wp\/v2\/posts"}],"about":[{"href":"https:\/\/laserenaradio.cl\/web\/wp-json\/wp\/v2\/types\/post"}],"author":[{"embeddable":true,"href":"https:\/\/laserenaradio.cl\/web\/wp-json\/wp\/v2\/users\/2"}],"replies":[{"embeddable":true,"href":"https:\/\/laserenaradio.cl\/web\/wp-json\/wp\/v2\/comments?post=23011"}],"version-history":[{"count":1,"href":"https:\/\/laserenaradio.cl\/web\/wp-json\/wp\/v2\/posts\/23011\/revisions"}],"predecessor-version":[{"id":23012,"href":"https:\/\/laserenaradio.cl\/web\/wp-json\/wp\/v2\/posts\/23011\/revisions\/23012"}],"wp:featuredmedia":[{"embeddable":true,"href":"https:\/\/laserenaradio.cl\/web\/wp-json\/wp\/v2\/media\/9076"}],"wp:attachment":[{"href":"https:\/\/laserenaradio.cl\/web\/wp-json\/wp\/v2\/media?parent=23011"}],"wp:term":[{"taxonomy":"category","embeddable":true,"href":"https:\/\/laserenaradio.cl\/web\/wp-json\/wp\/v2\/categories?post=23011"},{"taxonomy":"post_tag","embeddable":true,"href":"https:\/\/laserenaradio.cl\/web\/wp-json\/wp\/v2\/tags?post=23011"}],"curies":[{"name":"wp","href":"https:\/\/api.w.org\/{rel}","templated":true}]}}