{"id":23004,"date":"2026-01-26T15:30:31","date_gmt":"2026-01-26T18:30:31","guid":{"rendered":"https:\/\/laserenaradio.cl\/web\/?p=23004"},"modified":"2026-01-26T15:30:31","modified_gmt":"2026-01-26T18:30:31","slug":"cancelaran-visas-a-turistas-rusos-tras-incidente-con-motos-de-agua-en-futaleufu","status":"publish","type":"post","link":"https:\/\/laserenaradio.cl\/web\/2026\/01\/26\/cancelaran-visas-a-turistas-rusos-tras-incidente-con-motos-de-agua-en-futaleufu\/","title":{"rendered":"Cancelar\u00e1n visas a turistas rusos tras incidente con motos de agua en Futaleuf\u00fa"},"content":{"rendered":"<p>Las autoridades informaron que se cancelar\u00e1 la visa de turista a los ciudadanos rusos sorprendidos utilizando motos de agua en el r\u00edo Futaleuf\u00fa, medida que refuerza la vigilancia por parte de <a href=\"https:\/\/www.carabineros.cl\/\">Carabineros<\/a> y la Armada para prevenir incidentes similares. <\/p>\n<p>Indignaci\u00f3n gener\u00f3 una denuncia ciudadana sobre las im\u00e1genes de 4 turistas rusos desplaz\u00e1ndose en motos de agua por el R\u00edo Futaleuf\u00fa, regi\u00f3n de Los Lagos. Comunidad local los encar\u00f3 durante este evento.<\/p>\n<p>Finalmente, la subsecretaria de Turismo, Ver\u00f3nica Pardo, confirm\u00f3 que los extranjeros involucrados ser\u00e1n expulsados del pa\u00eds. <a href=\"https:\/\/www.carabineros.cl\/\">Carabineros<\/a> fiscaliz\u00f3 a los turistas y el capit\u00e1n Pablo Goye, de la Tercera Comisar\u00eda de Futaleuf\u00fa, se\u00f1al\u00f3 desconocimiento sobre actividades similares en el pasado.<\/p>\n<p>No obstante, la autoridad policial reforzar\u00e1 su presencia en el lugar para evitar incidentes futuros. <a href=\"https:\/\/www.carabineros.cl\/\">Carabineros<\/a> y Subsecretar\u00eda de Turismo enfatizaron la importancia del control ciudadano en transgresiones a las disposiciones relacionadas con los espacios naturales del pa\u00eds.<\/p>\n","protected":false},"excerpt":{"rendered":"<p>Las autoridades informaron que se cancelar\u00e1 la visa de turista a los ciudadanos rusos sorprendidos utilizando motos de agua en el r\u00edo Futaleuf\u00fa, medida que refuerza la vigilancia por parte de Carabineros y la Armada para prevenir incidentes similares. Indignaci\u00f3n gener\u00f3 una denuncia ciudadana sobre las im\u00e1genes de 4 turistas rusos desplaz\u00e1ndose en motos de [&hellip;]<\/p>\n","protected":false},"author":2,"featured_media":23003,"comment_status":"closed","ping_status":"open","sticky":false,"template":"","format":"standard","meta":{"_jetpack_memberships_contains_paid_content":false,"jnews-multi-image_gallery":[],"jnews_single_post":[],"jnews_primary_category":[],"jnews_social_meta":[],"jnews_paywall_metabox":[],"jnews_review":[],"enable_review":"","type":"","name":"","summary":"","brand":"","sku":"","good":[],"bad":[],"score_override":"","override_value":"","rating":[],"price":[],"jnews_override_counter":[],"jnews_post_split":[],"footnotes":""},"categories":[21],"tags":[],"class_list":["post-23004","post","type-post","status-publish","format-standard","has-post-thumbnail","hentry","category-nacional"],"jetpack_featured_media_url":"https:\/\/laserenaradio.cl\/web\/wp-content\/uploads\/2026\/01\/mediapiaiextstaticimg_webpmotosaguacarabinerosCarabineros_1.webp","jetpack_sharing_enabled":true,"_links":{"self":[{"href":"https:\/\/laserenaradio.cl\/web\/wp-json\/wp\/v2\/posts\/23004","targetHints":{"allow":["GET"]}}],"collection":[{"href":"https:\/\/laserenaradio.cl\/web\/wp-json\/wp\/v2\/posts"}],"about":[{"href":"https:\/\/laserenaradio.cl\/web\/wp-json\/wp\/v2\/types\/post"}],"author":[{"embeddable":true,"href":"https:\/\/laserenaradio.cl\/web\/wp-json\/wp\/v2\/users\/2"}],"replies":[{"embeddable":true,"href":"https:\/\/laserenaradio.cl\/web\/wp-json\/wp\/v2\/comments?post=23004"}],"version-history":[{"count":1,"href":"https:\/\/laserenaradio.cl\/web\/wp-json\/wp\/v2\/posts\/23004\/revisions"}],"predecessor-version":[{"id":23005,"href":"https:\/\/laserenaradio.cl\/web\/wp-json\/wp\/v2\/posts\/23004\/revisions\/23005"}],"wp:featuredmedia":[{"embeddable":true,"href":"https:\/\/laserenaradio.cl\/web\/wp-json\/wp\/v2\/media\/23003"}],"wp:attachment":[{"href":"https:\/\/laserenaradio.cl\/web\/wp-json\/wp\/v2\/media?parent=23004"}],"wp:term":[{"taxonomy":"category","embeddable":true,"href":"https:\/\/laserenaradio.cl\/web\/wp-json\/wp\/v2\/categories?post=23004"},{"taxonomy":"post_tag","embeddable":true,"href":"https:\/\/laserenaradio.cl\/web\/wp-json\/wp\/v2\/tags?post=23004"}],"curies":[{"name":"wp","href":"https:\/\/api.w.org\/{rel}","templated":true}]}}