{"id":22998,"date":"2026-01-26T15:10:19","date_gmt":"2026-01-26T18:10:19","guid":{"rendered":"https:\/\/laserenaradio.cl\/web\/?p=22998"},"modified":"2026-01-26T15:10:19","modified_gmt":"2026-01-26T18:10:19","slug":"disparan-en-el-cuello-a-martillero-publico-durante-una-emboscada-en-san-bernardo","status":"publish","type":"post","link":"https:\/\/laserenaradio.cl\/web\/2026\/01\/26\/disparan-en-el-cuello-a-martillero-publico-durante-una-emboscada-en-san-bernardo\/","title":{"rendered":"Disparan en el cuello a Martillero P\u00fablico durante una emboscada en San Bernardo"},"content":{"rendered":"<p>Un martillero p\u00fablico se dirig\u00eda hacia San Bernardo cuando fue interceptado por cinco a seis delincuentes, uno de ellos con un arma de fuego que le dispar\u00f3 cerca del cuello para exigir dinero. La v\u00edctima pudo huir y se refugi\u00f3 en un aparcamiento, donde recibi\u00f3 ayuda de terceros antes de ser trasladado al Hospital Parroquial de San Bernardo.<\/p>\n<p>El centro asistencial inform\u00f3 que el hombre est\u00e1 fuera de peligro vital ya que el proyectil apenas roz\u00f3 su cuello. La 14\u00b0 Comisar\u00eda de San Bernardo acudi\u00f3 al hospital y el martillero les indic\u00f3 que momentos antes del incidente hab\u00eda retirado dinero en un banco ubicado en Mall Plaza Oeste, Cerrillos, y que los antisociales lo hab\u00edan seguido.<\/p>\n<p>Los funcionarios localizaron el veh\u00edculo utilizado por los delincuentes para el asalto; este cuenta con un encargo vigente por robo.<\/p>\n","protected":false},"excerpt":{"rendered":"<p>Un martillero p\u00fablico se dirig\u00eda hacia San Bernardo cuando fue interceptado por cinco a seis delincuentes, uno de ellos con un arma de fuego que le dispar\u00f3 cerca del cuello para exigir dinero. La v\u00edctima pudo huir y se refugi\u00f3 en un aparcamiento, donde recibi\u00f3 ayuda de terceros antes de ser trasladado al Hospital Parroquial [&hellip;]<\/p>\n","protected":false},"author":2,"featured_media":22997,"comment_status":"closed","ping_status":"open","sticky":false,"template":"","format":"standard","meta":{"_jetpack_memberships_contains_paid_content":false,"jnews-multi-image_gallery":[],"jnews_single_post":[],"jnews_primary_category":[],"jnews_social_meta":[],"jnews_paywall_metabox":[],"jnews_review":[],"enable_review":"","type":"","name":"","summary":"","brand":"","sku":"","good":[],"bad":[],"score_override":"","override_value":"","rating":[],"price":[],"jnews_override_counter":[],"jnews_post_split":[],"footnotes":""},"categories":[21],"tags":[],"class_list":["post-22998","post","type-post","status-publish","format-standard","has-post-thumbnail","hentry","category-nacional"],"jetpack_featured_media_url":"https:\/\/laserenaradio.cl\/web\/wp-content\/uploads\/2026\/01\/mediapiaiextstaticimg_webpSanBernardomartillerodelincuentescuello_0.webp","jetpack_sharing_enabled":true,"_links":{"self":[{"href":"https:\/\/laserenaradio.cl\/web\/wp-json\/wp\/v2\/posts\/22998","targetHints":{"allow":["GET"]}}],"collection":[{"href":"https:\/\/laserenaradio.cl\/web\/wp-json\/wp\/v2\/posts"}],"about":[{"href":"https:\/\/laserenaradio.cl\/web\/wp-json\/wp\/v2\/types\/post"}],"author":[{"embeddable":true,"href":"https:\/\/laserenaradio.cl\/web\/wp-json\/wp\/v2\/users\/2"}],"replies":[{"embeddable":true,"href":"https:\/\/laserenaradio.cl\/web\/wp-json\/wp\/v2\/comments?post=22998"}],"version-history":[{"count":1,"href":"https:\/\/laserenaradio.cl\/web\/wp-json\/wp\/v2\/posts\/22998\/revisions"}],"predecessor-version":[{"id":22999,"href":"https:\/\/laserenaradio.cl\/web\/wp-json\/wp\/v2\/posts\/22998\/revisions\/22999"}],"wp:featuredmedia":[{"embeddable":true,"href":"https:\/\/laserenaradio.cl\/web\/wp-json\/wp\/v2\/media\/22997"}],"wp:attachment":[{"href":"https:\/\/laserenaradio.cl\/web\/wp-json\/wp\/v2\/media?parent=22998"}],"wp:term":[{"taxonomy":"category","embeddable":true,"href":"https:\/\/laserenaradio.cl\/web\/wp-json\/wp\/v2\/categories?post=22998"},{"taxonomy":"post_tag","embeddable":true,"href":"https:\/\/laserenaradio.cl\/web\/wp-json\/wp\/v2\/tags?post=22998"}],"curies":[{"name":"wp","href":"https:\/\/api.w.org\/{rel}","templated":true}]}}