{"id":22995,"date":"2026-01-26T15:01:13","date_gmt":"2026-01-26T18:01:13","guid":{"rendered":"https:\/\/laserenaradio.cl\/web\/?p=22995"},"modified":"2026-01-26T15:01:13","modified_gmt":"2026-01-26T18:01:13","slug":"grupo-familiar-ataca-bus-en-la-ruta-5-norte-por-no-poder-subir-en-el-terminal-de-coquimbo","status":"publish","type":"post","link":"https:\/\/laserenaradio.cl\/web\/2026\/01\/26\/grupo-familiar-ataca-bus-en-la-ruta-5-norte-por-no-poder-subir-en-el-terminal-de-coquimbo\/","title":{"rendered":"Grupo familiar ataca bus en la Ruta 5 Norte por no poder subir en el terminal de Coquimbo"},"content":{"rendered":"<p>Durante la jornada del domingo pasado, un bus interurbano de la empresa Pluss Chile fue seguido y apedreado por un grupo familiar mientras circulaba por la Ruta 5. Al no presentarse a tiempo en el terminal, el grupo familiar habr\u00eda perdido el viaje y posteriormente sigui\u00f3 al veh\u00edculo por la ruta, logrando interceptarlo y agredirlo.<\/p>\n<p>Las personas no se presentaron en el horario programado para el embarque, por lo que, conforme al procedimiento habitual, el bus continu\u00f3 su recorrido. La situaci\u00f3n tom\u00f3 por sorpresa tanto a los pasajeros como al conductor, quienes difundieron registros audiovisuales del incidente.<\/p>\n<p>Seg\u00fan inform\u00f3 la empresa Pluss Chile a trav\u00e9s de un comunicado, efectivamente le habr\u00edan ocasionado da\u00f1os en el parabrisas y limpiaparabrisas del bus, aparentemente con piedras y objetos contundentes. Desde <a href=\"https:\/\/www.carabineros.cl\/\">Carabineros<\/a>, el mayor David Gallardo, comisario de la Segunda Comisar\u00eda de Coquimbo, entreg\u00f3 detalles respecto de los da\u00f1os ocasionados al bus.<\/p>\n<p>&#8220;Bajo ning\u00fan punto de vista se debe seguir a un bus y mucho menos realizar maniobras peligrosas en la ruta, considerando que se trata de un veh\u00edculo de alto tonelaje que transporta a muchas personas&#8221;. <\/p>\n<p>La seremi de Seguridad P\u00fablica (s), Paulina Mora, tambi\u00e9n realiz\u00f3 un llamado preventivo a evitar conductas violentas que pongan en riesgo a la comunidad.<\/p>\n<p>&#8220;Perseguir un bus, bloquear su paso o agredirlo es un acto grav\u00edsimo que puede terminar en un accidente. Estas situaciones no se pueden repetir&#8221;. <\/p>\n<p>El hecho fue denunciado a <a href=\"https:\/\/www.carabineros.cl\/\">Carabineros<\/a> y puesto en conocimiento del Ministerio P\u00fablico. Al respecto, el fiscal jefe de Coquimbo, Claudio Correa, confirm\u00f3 que los antecedentes se encuentran actualmente en investigaci\u00f3n.<\/p>\n","protected":false},"excerpt":{"rendered":"<p>Durante la jornada del domingo pasado, un bus interurbano de la empresa Pluss Chile fue seguido y apedreado por un grupo familiar mientras circulaba por la Ruta 5. Al no presentarse a tiempo en el terminal, el grupo familiar habr\u00eda perdido el viaje y posteriormente sigui\u00f3 al veh\u00edculo por la ruta, logrando interceptarlo y agredirlo. [&hellip;]<\/p>\n","protected":false},"author":2,"featured_media":22994,"comment_status":"closed","ping_status":"open","sticky":false,"template":"","format":"standard","meta":{"_jetpack_memberships_contains_paid_content":false,"jnews-multi-image_gallery":[],"jnews_single_post":[],"jnews_primary_category":[],"jnews_social_meta":[],"jnews_paywall_metabox":[],"jnews_review":[],"enable_review":"","type":"","name":"","summary":"","brand":"","sku":"","good":[],"bad":[],"score_override":"","override_value":"","rating":[],"price":[],"jnews_override_counter":[],"jnews_post_split":[],"footnotes":""},"categories":[21],"tags":[],"class_list":["post-22995","post","type-post","status-publish","format-standard","has-post-thumbnail","hentry","category-nacional"],"jetpack_featured_media_url":"https:\/\/laserenaradio.cl\/web\/wp-content\/uploads\/2026\/01\/mediapiaiextstaticimg_webpGrupobus_0.webp","jetpack_sharing_enabled":true,"_links":{"self":[{"href":"https:\/\/laserenaradio.cl\/web\/wp-json\/wp\/v2\/posts\/22995","targetHints":{"allow":["GET"]}}],"collection":[{"href":"https:\/\/laserenaradio.cl\/web\/wp-json\/wp\/v2\/posts"}],"about":[{"href":"https:\/\/laserenaradio.cl\/web\/wp-json\/wp\/v2\/types\/post"}],"author":[{"embeddable":true,"href":"https:\/\/laserenaradio.cl\/web\/wp-json\/wp\/v2\/users\/2"}],"replies":[{"embeddable":true,"href":"https:\/\/laserenaradio.cl\/web\/wp-json\/wp\/v2\/comments?post=22995"}],"version-history":[{"count":1,"href":"https:\/\/laserenaradio.cl\/web\/wp-json\/wp\/v2\/posts\/22995\/revisions"}],"predecessor-version":[{"id":22996,"href":"https:\/\/laserenaradio.cl\/web\/wp-json\/wp\/v2\/posts\/22995\/revisions\/22996"}],"wp:featuredmedia":[{"embeddable":true,"href":"https:\/\/laserenaradio.cl\/web\/wp-json\/wp\/v2\/media\/22994"}],"wp:attachment":[{"href":"https:\/\/laserenaradio.cl\/web\/wp-json\/wp\/v2\/media?parent=22995"}],"wp:term":[{"taxonomy":"category","embeddable":true,"href":"https:\/\/laserenaradio.cl\/web\/wp-json\/wp\/v2\/categories?post=22995"},{"taxonomy":"post_tag","embeddable":true,"href":"https:\/\/laserenaradio.cl\/web\/wp-json\/wp\/v2\/tags?post=22995"}],"curies":[{"name":"wp","href":"https:\/\/api.w.org\/{rel}","templated":true}]}}