{"id":22992,"date":"2026-01-26T14:57:38","date_gmt":"2026-01-26T17:57:38","guid":{"rendered":"https:\/\/laserenaradio.cl\/web\/?p=22992"},"modified":"2026-01-26T14:57:38","modified_gmt":"2026-01-26T17:57:38","slug":"emiten-un-aviso-por-altas-temperaturas-en-las-regiones-metropolitana-ohiggins-y-biobio","status":"publish","type":"post","link":"https:\/\/laserenaradio.cl\/web\/2026\/01\/26\/emiten-un-aviso-por-altas-temperaturas-en-las-regiones-metropolitana-ohiggins-y-biobio\/","title":{"rendered":"Emiten un Aviso por Altas Temperaturas en las regiones Metropolitana, O&#8217;Higgins y Biob\u00edo."},"content":{"rendered":"<p>Desde la Direcci\u00f3n Meteorol\u00f3gica de Chile, emitieron el Aviso A29-2\/2026 por Altas Temperaturas debido a la condici\u00f3n sin\u00f3ptica Dorsal en altura.<\/p>\n<p>En detalle, la <a href=\"http:\/\/www.meteochile.gob.cl\/PortalDMC-web\/index.xhtml\" rel=\"nofollow\">Direcci\u00f3n Meteorol\u00f3gica de Chile<\/a>, indica que este fen\u00f3meno se encontrar\u00e1 vigente desde <strong>la tarde del mi\u00e9rcoles 28 de enero del 2026<\/strong> y hasta <strong>la tarde del mi\u00e9rcoles 28 de enero del 2026<\/strong>.<\/p>\n<p>Las zonas afectadas por la condici\u00f3n ser\u00edan:<br \/>\nMetropolitana (Cordillera Costa, Valle, Precordillera)<br \/>O&#8217;Higgins (Cordillera Costa, Valle, Precordillera)<br \/>Biob\u00edo (Cordillera Costa, Valle, Precordillera)<\/p>\n<p>Debido a esta condici\u00f3n, se llama a tener precauci\u00f3n y cautela por el Aviso vigente por Altas Temperaturas en zonas de las regiones Metropolitana, O&#8217;Higgins y Biob\u00edo.<\/p>\n","protected":false},"excerpt":{"rendered":"<p>Desde la Direcci\u00f3n Meteorol\u00f3gica de Chile, emitieron el Aviso A29-2\/2026 por Altas Temperaturas debido a la condici\u00f3n sin\u00f3ptica Dorsal en altura. En detalle, la Direcci\u00f3n Meteorol\u00f3gica de Chile, indica que este fen\u00f3meno se encontrar\u00e1 vigente desde la tarde del mi\u00e9rcoles 28 de enero del 2026 y hasta la tarde del mi\u00e9rcoles 28 de enero del [&hellip;]<\/p>\n","protected":false},"author":2,"featured_media":22991,"comment_status":"closed","ping_status":"open","sticky":false,"template":"","format":"standard","meta":{"_jetpack_memberships_contains_paid_content":false,"jnews-multi-image_gallery":[],"jnews_single_post":[],"jnews_primary_category":[],"jnews_social_meta":[],"jnews_paywall_metabox":[],"jnews_review":[],"enable_review":"","type":"","name":"","summary":"","brand":"","sku":"","good":[],"bad":[],"score_override":"","override_value":"","rating":[],"price":[],"jnews_override_counter":[],"jnews_post_split":[],"footnotes":""},"categories":[21],"tags":[],"class_list":["post-22992","post","type-post","status-publish","format-standard","has-post-thumbnail","hentry","category-nacional"],"jetpack_featured_media_url":"https:\/\/laserenaradio.cl\/web\/wp-content\/uploads\/2026\/01\/mediapiaiextstaticimg_webpAvisoAltasTemperaturasCordilleraCostaValle_1.webp","jetpack_sharing_enabled":true,"_links":{"self":[{"href":"https:\/\/laserenaradio.cl\/web\/wp-json\/wp\/v2\/posts\/22992","targetHints":{"allow":["GET"]}}],"collection":[{"href":"https:\/\/laserenaradio.cl\/web\/wp-json\/wp\/v2\/posts"}],"about":[{"href":"https:\/\/laserenaradio.cl\/web\/wp-json\/wp\/v2\/types\/post"}],"author":[{"embeddable":true,"href":"https:\/\/laserenaradio.cl\/web\/wp-json\/wp\/v2\/users\/2"}],"replies":[{"embeddable":true,"href":"https:\/\/laserenaradio.cl\/web\/wp-json\/wp\/v2\/comments?post=22992"}],"version-history":[{"count":1,"href":"https:\/\/laserenaradio.cl\/web\/wp-json\/wp\/v2\/posts\/22992\/revisions"}],"predecessor-version":[{"id":22993,"href":"https:\/\/laserenaradio.cl\/web\/wp-json\/wp\/v2\/posts\/22992\/revisions\/22993"}],"wp:featuredmedia":[{"embeddable":true,"href":"https:\/\/laserenaradio.cl\/web\/wp-json\/wp\/v2\/media\/22991"}],"wp:attachment":[{"href":"https:\/\/laserenaradio.cl\/web\/wp-json\/wp\/v2\/media?parent=22992"}],"wp:term":[{"taxonomy":"category","embeddable":true,"href":"https:\/\/laserenaradio.cl\/web\/wp-json\/wp\/v2\/categories?post=22992"},{"taxonomy":"post_tag","embeddable":true,"href":"https:\/\/laserenaradio.cl\/web\/wp-json\/wp\/v2\/tags?post=22992"}],"curies":[{"name":"wp","href":"https:\/\/api.w.org\/{rel}","templated":true}]}}