{"id":22984,"date":"2026-01-26T14:51:12","date_gmt":"2026-01-26T17:51:12","guid":{"rendered":"https:\/\/laserenaradio.cl\/web\/?p=22984"},"modified":"2026-01-26T14:51:12","modified_gmt":"2026-01-26T17:51:12","slug":"hombre-detenido-por-secuestrar-a-su-conviviente-en-los-angeles","status":"publish","type":"post","link":"https:\/\/laserenaradio.cl\/web\/2026\/01\/26\/hombre-detenido-por-secuestrar-a-su-conviviente-en-los-angeles\/","title":{"rendered":"Hombre detenido por secuestrar a su conviviente en Los \u00c1ngeles"},"content":{"rendered":"<p>Un hombre de 49 a\u00f1os fue detenido tras ser acusado de secuestro y maltrato a su conviviente en Los \u00c1ngeles, en la regi\u00f3n del B\u00edo B\u00edo.<\/p>\n<p>Este procedimiento se origin\u00f3 por lesiones graves en contexto de violencia intrafamiliar en Villa Las Am\u00e9ricas. <\/p>\n<p>La v\u00edctima estuvo encerrada contra su voluntad en una casa que ten\u00eda ventanas con rejas met\u00e1licas, impidiendo que saliera libremente del lugar. <\/p>\n<p>Cuando los oficiales llegaron al domicilio en cuesti\u00f3n, se encontraron con una mujer de 39 a\u00f1os encerrada. De acuerdo a lo descrito por la subinspectora de la <a href=\"https:\/\/www.pdichile.cl\/\">PDI<\/a>, Catalina Lagos, la vivienda estaba cerrada con llave y ten\u00eda ventanas protegidas con rejas met\u00e1licas.<\/p>\n<p>Personal policial logr\u00f3 rescatar a la v\u00edctima y detuvo al responsable de este caso de violencia hacia la mujer. <\/p>\n<p>La captura se materializ\u00f3 en la v\u00eda p\u00fablica y el sujeto qued\u00f3 a disposici\u00f3n del Juzgado de Garant\u00eda a la espera de su control y formalizaci\u00f3n de cargos por los delitos de secuestro y maltrato en contexto de violencia intrafamiliar.<\/p>\n","protected":false},"excerpt":{"rendered":"<p>Un hombre de 49 a\u00f1os fue detenido tras ser acusado de secuestro y maltrato a su conviviente en Los \u00c1ngeles, en la regi\u00f3n del B\u00edo B\u00edo. Este procedimiento se origin\u00f3 por lesiones graves en contexto de violencia intrafamiliar en Villa Las Am\u00e9ricas. La v\u00edctima estuvo encerrada contra su voluntad en una casa que ten\u00eda ventanas [&hellip;]<\/p>\n","protected":false},"author":2,"featured_media":22983,"comment_status":"closed","ping_status":"open","sticky":false,"template":"","format":"standard","meta":{"_jetpack_memberships_contains_paid_content":false,"jnews-multi-image_gallery":[],"jnews_single_post":[],"jnews_primary_category":[],"jnews_social_meta":[],"jnews_paywall_metabox":[],"jnews_review":[],"enable_review":"","type":"","name":"","summary":"","brand":"","sku":"","good":[],"bad":[],"score_override":"","override_value":"","rating":[],"price":[],"jnews_override_counter":[],"jnews_post_split":[],"footnotes":""},"categories":[21],"tags":[],"class_list":["post-22984","post","type-post","status-publish","format-standard","has-post-thumbnail","hentry","category-nacional"],"jetpack_featured_media_url":"https:\/\/laserenaradio.cl\/web\/wp-content\/uploads\/2026\/01\/mediapiaiextstaticimg_webpviolenciadetenidosecuestromaltrato_1.webp","jetpack_sharing_enabled":true,"_links":{"self":[{"href":"https:\/\/laserenaradio.cl\/web\/wp-json\/wp\/v2\/posts\/22984","targetHints":{"allow":["GET"]}}],"collection":[{"href":"https:\/\/laserenaradio.cl\/web\/wp-json\/wp\/v2\/posts"}],"about":[{"href":"https:\/\/laserenaradio.cl\/web\/wp-json\/wp\/v2\/types\/post"}],"author":[{"embeddable":true,"href":"https:\/\/laserenaradio.cl\/web\/wp-json\/wp\/v2\/users\/2"}],"replies":[{"embeddable":true,"href":"https:\/\/laserenaradio.cl\/web\/wp-json\/wp\/v2\/comments?post=22984"}],"version-history":[{"count":1,"href":"https:\/\/laserenaradio.cl\/web\/wp-json\/wp\/v2\/posts\/22984\/revisions"}],"predecessor-version":[{"id":22985,"href":"https:\/\/laserenaradio.cl\/web\/wp-json\/wp\/v2\/posts\/22984\/revisions\/22985"}],"wp:featuredmedia":[{"embeddable":true,"href":"https:\/\/laserenaradio.cl\/web\/wp-json\/wp\/v2\/media\/22983"}],"wp:attachment":[{"href":"https:\/\/laserenaradio.cl\/web\/wp-json\/wp\/v2\/media?parent=22984"}],"wp:term":[{"taxonomy":"category","embeddable":true,"href":"https:\/\/laserenaradio.cl\/web\/wp-json\/wp\/v2\/categories?post=22984"},{"taxonomy":"post_tag","embeddable":true,"href":"https:\/\/laserenaradio.cl\/web\/wp-json\/wp\/v2\/tags?post=22984"}],"curies":[{"name":"wp","href":"https:\/\/api.w.org\/{rel}","templated":true}]}}