{"id":22981,"date":"2026-01-26T14:49:26","date_gmt":"2026-01-26T17:49:26","guid":{"rendered":"https:\/\/laserenaradio.cl\/web\/?p=22981"},"modified":"2026-01-26T14:49:26","modified_gmt":"2026-01-26T17:49:26","slug":"prision-preventiva-para-angela-vivanco","status":"publish","type":"post","link":"https:\/\/laserenaradio.cl\/web\/2026\/01\/26\/prision-preventiva-para-angela-vivanco\/","title":{"rendered":"Prisi\u00f3n preventiva para \u00c1ngela Vivanco"},"content":{"rendered":"<p>Ante el 7\u00b0 Juzgado de Garant\u00eda de Santiago, el Ministerio P\u00fablico solicit\u00f3 prisi\u00f3n preventiva para \u00c1ngela Vivanco, exministra de la Corte Suprema. La exjueza fue detenida en su domicilio de Las Condes el pasado domingo. En el marco del caso Audio, conocido como trama mu\u00f1eca Bielorrusa, se le imputan los delitos de cohecho y lavado de activos.<\/p>\n<p>\u00c1ngela Vivanco enfrenta acusaciones relacionadas con un caso que ha generado gran inter\u00e9s medi\u00e1tico. La formalizaci\u00f3n judicial busca garantizar su estabilidad mientras avanza la investigaci\u00f3n. Las investigaciones giran en torno a posibles irregularidades vinculadas al caso Audio, una trama que involucra a figuras de alto perfil en el \u00e1mbito jur\u00eddico chileno.<\/p>\n<p>La solicitud de prisi\u00f3n preventiva refleja la gravedad de las acusaciones contra \u00c1ngela Vivanco. La exministra enfrenta cargos de cohecho y lavado de activos, lo que sugiere una investigaci\u00f3n extensa y compleja. Su detenci\u00f3n en Las Condes, una comuna residencial, indica que el Ministerio P\u00fablico consider\u00f3 que era necesaria su protecci\u00f3n durante la investigaci\u00f3n.<\/p>\n<p>En el contexto del caso Audio, las acusaciones contra \u00c1ngela Vivanco se centran en actividades il\u00edcitas relacionadas con el manejo de informaci\u00f3n privilegiada y posibles actos de corrupci\u00f3n. La trama mu\u00f1eca Bielorrusa es un nombre que ha sido usado para describir una supuesta red criminal internacional, involucrando figuras prominentes del sistema judicial chileno.<\/p>\n","protected":false},"excerpt":{"rendered":"<p>Ante el 7\u00b0 Juzgado de Garant\u00eda de Santiago, el Ministerio P\u00fablico solicit\u00f3 prisi\u00f3n preventiva para \u00c1ngela Vivanco, exministra de la Corte Suprema. La exjueza fue detenida en su domicilio de Las Condes el pasado domingo. En el marco del caso Audio, conocido como trama mu\u00f1eca Bielorrusa, se le imputan los delitos de cohecho y lavado [&hellip;]<\/p>\n","protected":false},"author":2,"featured_media":9076,"comment_status":"closed","ping_status":"open","sticky":false,"template":"","format":"standard","meta":{"_jetpack_memberships_contains_paid_content":false,"jnews-multi-image_gallery":[],"jnews_single_post":[],"jnews_primary_category":[],"jnews_social_meta":[],"jnews_paywall_metabox":[],"jnews_review":[],"enable_review":"","type":"","name":"","summary":"","brand":"","sku":"","good":[],"bad":[],"score_override":"","override_value":"","rating":[],"price":[],"jnews_override_counter":[],"jnews_post_split":[],"footnotes":""},"categories":[21],"tags":[],"class_list":["post-22981","post","type-post","status-publish","format-standard","has-post-thumbnail","hentry","category-nacional"],"jetpack_featured_media_url":"https:\/\/laserenaradio.cl\/web\/wp-content\/uploads\/2024\/12\/laserenaradio_nacional.webp","jetpack_sharing_enabled":true,"_links":{"self":[{"href":"https:\/\/laserenaradio.cl\/web\/wp-json\/wp\/v2\/posts\/22981","targetHints":{"allow":["GET"]}}],"collection":[{"href":"https:\/\/laserenaradio.cl\/web\/wp-json\/wp\/v2\/posts"}],"about":[{"href":"https:\/\/laserenaradio.cl\/web\/wp-json\/wp\/v2\/types\/post"}],"author":[{"embeddable":true,"href":"https:\/\/laserenaradio.cl\/web\/wp-json\/wp\/v2\/users\/2"}],"replies":[{"embeddable":true,"href":"https:\/\/laserenaradio.cl\/web\/wp-json\/wp\/v2\/comments?post=22981"}],"version-history":[{"count":1,"href":"https:\/\/laserenaradio.cl\/web\/wp-json\/wp\/v2\/posts\/22981\/revisions"}],"predecessor-version":[{"id":22982,"href":"https:\/\/laserenaradio.cl\/web\/wp-json\/wp\/v2\/posts\/22981\/revisions\/22982"}],"wp:featuredmedia":[{"embeddable":true,"href":"https:\/\/laserenaradio.cl\/web\/wp-json\/wp\/v2\/media\/9076"}],"wp:attachment":[{"href":"https:\/\/laserenaradio.cl\/web\/wp-json\/wp\/v2\/media?parent=22981"}],"wp:term":[{"taxonomy":"category","embeddable":true,"href":"https:\/\/laserenaradio.cl\/web\/wp-json\/wp\/v2\/categories?post=22981"},{"taxonomy":"post_tag","embeddable":true,"href":"https:\/\/laserenaradio.cl\/web\/wp-json\/wp\/v2\/tags?post=22981"}],"curies":[{"name":"wp","href":"https:\/\/api.w.org\/{rel}","templated":true}]}}