{"id":22979,"date":"2026-01-25T19:47:24","date_gmt":"2026-01-25T22:47:24","guid":{"rendered":"https:\/\/laserenaradio.cl\/web\/?p=22979"},"modified":"2026-01-25T19:47:24","modified_gmt":"2026-01-25T22:47:24","slug":"hinchas-de-colo-colo-y-u-de-chile-se-enfrentaron-en-lirquen","status":"publish","type":"post","link":"https:\/\/laserenaradio.cl\/web\/2026\/01\/25\/hinchas-de-colo-colo-y-u-de-chile-se-enfrentaron-en-lirquen\/","title":{"rendered":"Hinchas de Colo-Colo y U. de Chile se enfrentaron en Lirqu\u00e9n"},"content":{"rendered":"<p>Este domingo, hinchas de las barras de Colo-Colo y Universidad de Chile protagonizaron un fuerte enfrentamiento mientras transitaban por Lirqu\u00e9n, lugar afectado por los incendios forestales que azotaron a la regi\u00f3n del B\u00edo B\u00edo.<\/p>\n<p>La pelea ocurri\u00f3 en plena Avenida Pedro Aguirre Cerda en la localidad de Lirqu\u00e9n, Comuna de Penco. En registros que circulan en redes sociales, se puede ver c\u00f3mo en plena v\u00eda p\u00fablica los sujetos se lanzaban botellas de un lado a otro, mientras los conductores hac\u00edan sonar sus bocinas.<\/p>\n<p>Numerosos usuarios lamentaron la situaci\u00f3n y apuntaron a las medidas impuestas por las autoridades sobre el control de ingreso de voluntarios y ayuda. \u201cPor eso mismo las ayudas se deben canalizar por medio de las autoridades\u201d; \u201cParece que no era el lugar ni el contexto para andar peleando entre hinchadas\u201d; \u201cpero, \u00bfc\u00f3mo pueden hacer eso\u2026 en estos momentos no hay color pol\u00edtico, ni religi\u00f3n, ni club deportivo\u2026 todos somos uno solo ayudando\u201d; \u201cque mal, d\u00f3nde queda el respeto por las personas que lo est\u00e1n pasando mal\u201d.<\/p>\n","protected":false},"excerpt":{"rendered":"<p>Este domingo, hinchas de las barras de Colo-Colo y Universidad de Chile protagonizaron un fuerte enfrentamiento mientras transitaban por Lirqu\u00e9n, lugar afectado por los incendios forestales que azotaron a la regi\u00f3n del B\u00edo B\u00edo. La pelea ocurri\u00f3 en plena Avenida Pedro Aguirre Cerda en la localidad de Lirqu\u00e9n, Comuna de Penco. En registros que circulan [&hellip;]<\/p>\n","protected":false},"author":2,"featured_media":22978,"comment_status":"closed","ping_status":"open","sticky":false,"template":"","format":"standard","meta":{"_jetpack_memberships_contains_paid_content":false,"jnews-multi-image_gallery":[],"jnews_single_post":[],"jnews_primary_category":[],"jnews_social_meta":[],"jnews_paywall_metabox":[],"jnews_review":[],"enable_review":"","type":"","name":"","summary":"","brand":"","sku":"","good":[],"bad":[],"score_override":"","override_value":"","rating":[],"price":[],"jnews_override_counter":[],"jnews_post_split":[],"footnotes":""},"categories":[21],"tags":[],"class_list":["post-22979","post","type-post","status-publish","format-standard","has-post-thumbnail","hentry","category-nacional"],"jetpack_featured_media_url":"https:\/\/laserenaradio.cl\/web\/wp-content\/uploads\/2026\/01\/mediapiaiextstaticimg_webpHinchasColo_1.webp","jetpack_sharing_enabled":true,"_links":{"self":[{"href":"https:\/\/laserenaradio.cl\/web\/wp-json\/wp\/v2\/posts\/22979","targetHints":{"allow":["GET"]}}],"collection":[{"href":"https:\/\/laserenaradio.cl\/web\/wp-json\/wp\/v2\/posts"}],"about":[{"href":"https:\/\/laserenaradio.cl\/web\/wp-json\/wp\/v2\/types\/post"}],"author":[{"embeddable":true,"href":"https:\/\/laserenaradio.cl\/web\/wp-json\/wp\/v2\/users\/2"}],"replies":[{"embeddable":true,"href":"https:\/\/laserenaradio.cl\/web\/wp-json\/wp\/v2\/comments?post=22979"}],"version-history":[{"count":1,"href":"https:\/\/laserenaradio.cl\/web\/wp-json\/wp\/v2\/posts\/22979\/revisions"}],"predecessor-version":[{"id":22980,"href":"https:\/\/laserenaradio.cl\/web\/wp-json\/wp\/v2\/posts\/22979\/revisions\/22980"}],"wp:featuredmedia":[{"embeddable":true,"href":"https:\/\/laserenaradio.cl\/web\/wp-json\/wp\/v2\/media\/22978"}],"wp:attachment":[{"href":"https:\/\/laserenaradio.cl\/web\/wp-json\/wp\/v2\/media?parent=22979"}],"wp:term":[{"taxonomy":"category","embeddable":true,"href":"https:\/\/laserenaradio.cl\/web\/wp-json\/wp\/v2\/categories?post=22979"},{"taxonomy":"post_tag","embeddable":true,"href":"https:\/\/laserenaradio.cl\/web\/wp-json\/wp\/v2\/tags?post=22979"}],"curies":[{"name":"wp","href":"https:\/\/api.w.org\/{rel}","templated":true}]}}