{"id":22976,"date":"2026-01-25T19:43:59","date_gmt":"2026-01-25T22:43:59","guid":{"rendered":"https:\/\/laserenaradio.cl\/web\/?p=22976"},"modified":"2026-01-25T19:43:59","modified_gmt":"2026-01-25T22:43:59","slug":"hombre-encontrado-muerto-flotando-en-lago-villarrica","status":"publish","type":"post","link":"https:\/\/laserenaradio.cl\/web\/2026\/01\/25\/hombre-encontrado-muerto-flotando-en-lago-villarrica\/","title":{"rendered":"Hombre encontrado muerto flotando en lago Villarrica"},"content":{"rendered":"<p>Sin vida fue encontrado un hombre flotando en las aguas del lago Villarrica, en la comuna de Puc\u00f3n, espec\u00edficamente en el sector de La Pen\u00ednsula, donde se ubica Playa Grande. Seg\u00fan inform\u00f3 la capitan\u00eda de puerto del Lago Villarrica, a las 14:30 horas se recibi\u00f3 un llamado sobre una moto acu\u00e1tica y una persona flotando en el lago. Un equipo de emergencia se dirigi\u00f3 al lugar para auxiliar al individuo, pero minutos despu\u00e9s confirmaron su fallecimiento.<\/p>\n<p>La v\u00edctima es un hombre de 42 a\u00f1os originario de Temuco.<\/p>\n","protected":false},"excerpt":{"rendered":"<p>Sin vida fue encontrado un hombre flotando en las aguas del lago Villarrica, en la comuna de Puc\u00f3n, espec\u00edficamente en el sector de La Pen\u00ednsula, donde se ubica Playa Grande. Seg\u00fan inform\u00f3 la capitan\u00eda de puerto del Lago Villarrica, a las 14:30 horas se recibi\u00f3 un llamado sobre una moto acu\u00e1tica y una persona flotando [&hellip;]<\/p>\n","protected":false},"author":2,"featured_media":9078,"comment_status":"closed","ping_status":"open","sticky":false,"template":"","format":"standard","meta":{"_jetpack_memberships_contains_paid_content":false,"jnews-multi-image_gallery":[],"jnews_single_post":[],"jnews_primary_category":[],"jnews_social_meta":[],"jnews_paywall_metabox":[],"jnews_review":[],"enable_review":"","type":"","name":"","summary":"","brand":"","sku":"","good":[],"bad":[],"score_override":"","override_value":"","rating":[],"price":[],"jnews_override_counter":[],"jnews_post_split":[],"footnotes":""},"categories":[21],"tags":[],"class_list":["post-22976","post","type-post","status-publish","format-standard","has-post-thumbnail","hentry","category-nacional"],"jetpack_featured_media_url":"https:\/\/laserenaradio.cl\/web\/wp-content\/uploads\/2024\/12\/laserenaradio_ultimo_minuto.webp","jetpack_sharing_enabled":true,"_links":{"self":[{"href":"https:\/\/laserenaradio.cl\/web\/wp-json\/wp\/v2\/posts\/22976","targetHints":{"allow":["GET"]}}],"collection":[{"href":"https:\/\/laserenaradio.cl\/web\/wp-json\/wp\/v2\/posts"}],"about":[{"href":"https:\/\/laserenaradio.cl\/web\/wp-json\/wp\/v2\/types\/post"}],"author":[{"embeddable":true,"href":"https:\/\/laserenaradio.cl\/web\/wp-json\/wp\/v2\/users\/2"}],"replies":[{"embeddable":true,"href":"https:\/\/laserenaradio.cl\/web\/wp-json\/wp\/v2\/comments?post=22976"}],"version-history":[{"count":1,"href":"https:\/\/laserenaradio.cl\/web\/wp-json\/wp\/v2\/posts\/22976\/revisions"}],"predecessor-version":[{"id":22977,"href":"https:\/\/laserenaradio.cl\/web\/wp-json\/wp\/v2\/posts\/22976\/revisions\/22977"}],"wp:featuredmedia":[{"embeddable":true,"href":"https:\/\/laserenaradio.cl\/web\/wp-json\/wp\/v2\/media\/9078"}],"wp:attachment":[{"href":"https:\/\/laserenaradio.cl\/web\/wp-json\/wp\/v2\/media?parent=22976"}],"wp:term":[{"taxonomy":"category","embeddable":true,"href":"https:\/\/laserenaradio.cl\/web\/wp-json\/wp\/v2\/categories?post=22976"},{"taxonomy":"post_tag","embeddable":true,"href":"https:\/\/laserenaradio.cl\/web\/wp-json\/wp\/v2\/tags?post=22976"}],"curies":[{"name":"wp","href":"https:\/\/api.w.org\/{rel}","templated":true}]}}