{"id":22952,"date":"2026-01-25T12:52:13","date_gmt":"2026-01-25T15:52:13","guid":{"rendered":"https:\/\/laserenaradio.cl\/web\/?p=22952"},"modified":"2026-01-25T12:52:13","modified_gmt":"2026-01-25T15:52:13","slug":"el-ministro-de-vivienda-visita-zonas-afectadas-por-incendios-en-bio-bio","status":"publish","type":"post","link":"https:\/\/laserenaradio.cl\/web\/2026\/01\/25\/el-ministro-de-vivienda-visita-zonas-afectadas-por-incendios-en-bio-bio\/","title":{"rendered":"El ministro de Vivienda visita zonas afectadas por incendios en B\u00edo B\u00edo."},"content":{"rendered":"<p>Carlos Montes, ministro de Vivienda y Urbanismo, visit\u00f3 la regi\u00f3n del B\u00edo B\u00edo tras los incendios devastadores en Penco y Tom\u00e9. En Penco, el secretario de Estado se refiri\u00f3 al proceso de ayuda a los damnificados, destacando la labor de equipos desplegados en terreno.<\/p>\n<p>Durante estos d\u00edas hemos estado preparando la etapa que viene ahora, resalt\u00f3 Montes. Anoche a las 21:00 horas ya ten\u00edamos 1.150 fichas, agreg\u00f3. Aqu\u00ed hay un equipo muy s\u00f3lido, con mucha experiencia y que ha trabajado con mucho rigor, subray\u00f3.<\/p>\n<p>La Ficha 2 es para caracterizar el da\u00f1o de la vivienda afectada por incendios, explic\u00f3 Montes. Eso en lo fundamental, caracterizar el da\u00f1o que tienen las viviendas porque hay distintos tipos de da\u00f1o y, a partir de lo cual, ver los planes de reconstrucci\u00f3n.<\/p>\n<p>Montes fue consultado sobre la manera en que se planea gestionar la reciente emergencia, en relaci\u00f3n a los cuestionamientos sobre lo sucedido en la regi\u00f3n de Valpara\u00edso en 2024. Los procesos son distintos, las realidades son distintas, explic\u00f3. Si usted analiza lo que es Valpara\u00edso, las caracter\u00edsticas geogr\u00e1ficas, las caracter\u00edsticas jur\u00eddicas de las propiedades, tiene otra otra situaci\u00f3n mucho m\u00e1s exigente.<\/p>\n<p>Ah\u00ed adem\u00e1s se fueron desarrollando soluciones individuales, principalmente de grupos y subgrupos. Ac\u00e1 hay realidades que esperamos se puedan enfrentar globalmente, agreg\u00f3 Montes.<\/p>\n<p>Montes afirm\u00f3 que \u00e9l, junto a su equipo, visitar\u00e1 parte de los sectores afectados. Est\u00e1n ajustando aqu\u00ed el equipo, est\u00e1 la directora y la Seremi (de Vivienda), pero vamos a estar ac\u00e1 en Penco, queremos ir a R\u00edos de Chile, dijo.<\/p>\n<p>Posteriormente sostuvo una reuni\u00f3n en la Municipalidad de Penco con el alcalde y diferentes autoridades. Tras esto, evit\u00f3 referirse al proceso de reconstrucci\u00f3n tras los incendios, asegurando que es algo que se discutir\u00e1 m\u00e1s adelante a nivel regional y con las autoridades respectivas.<\/p>\n<p>Aqu\u00ed hemos quedado en esta reuni\u00f3n que no es bueno todav\u00eda hablar de reconstrucci\u00f3n, dado que se requieren otras conversaciones, pero en definitiva eso requiere una reconstrucci\u00f3n total, dijo Montes. Eso es lo que podemos decir y ah\u00ed se plantean un conjunto de aspectos que no viene al caso por ahora a detallar.<\/p>\n<p>&#8220;No me voy a referir a las viviendas de emergencia, porque como usted sabe eso es de <a href=\"http:\/\/www.senapred.cl\">Senapred<\/a> y el <a href=\"https:\/\/www.interior.gob.cl\/\">Ministerio del Interior<\/a>&#8220;, agreg\u00f3. Respecto al ritmo que nosotros podemos avanzar en viviendas definitivas, eso lo vamos a discutir con la organizaci\u00f3n a nivel regional, pero tiene una serie de restricciones porque supone una serie de pasos previos. S\u00ed hay cuestiones que se pueden avanzar en esa direcci\u00f3n, a\u00f1adi\u00f3 Montes.<\/p>\n<p>&#8220;Este Gobierno, desde que parti\u00f3 en 2022, ha tenido a su cargo 43 reconstrucciones a lo largo de todo Chile, en 14 regiones del pa\u00eds&#8221;, subray\u00f3. Por lo tanto, son continuidad de un Gobierno con otro Gobierno, explic\u00f3.<\/p>\n<p>&#8220;27 de esas reconstrucciones ven\u00edan del gobierno anterior al nuestro, 16 fueron eventos que ocurrieron durante este gobierno&#8221;, finaliz\u00f3 Montes.<\/p>\n","protected":false},"excerpt":{"rendered":"<p>Carlos Montes, ministro de Vivienda y Urbanismo, visit\u00f3 la regi\u00f3n del B\u00edo B\u00edo tras los incendios devastadores en Penco y Tom\u00e9. En Penco, el secretario de Estado se refiri\u00f3 al proceso de ayuda a los damnificados, destacando la labor de equipos desplegados en terreno. Durante estos d\u00edas hemos estado preparando la etapa que viene ahora, [&hellip;]<\/p>\n","protected":false},"author":2,"featured_media":22951,"comment_status":"closed","ping_status":"open","sticky":false,"template":"","format":"standard","meta":{"_jetpack_memberships_contains_paid_content":false,"jnews-multi-image_gallery":[],"jnews_single_post":[],"jnews_primary_category":[],"jnews_social_meta":[],"jnews_paywall_metabox":[],"jnews_review":[],"enable_review":"","type":"","name":"","summary":"","brand":"","sku":"","good":[],"bad":[],"score_override":"","override_value":"","rating":[],"price":[],"jnews_override_counter":[],"jnews_post_split":[],"footnotes":""},"categories":[21],"tags":[],"class_list":["post-22952","post","type-post","status-publish","format-standard","has-post-thumbnail","hentry","category-nacional"],"jetpack_featured_media_url":"https:\/\/laserenaradio.cl\/web\/wp-content\/uploads\/2026\/01\/mediapiaiextstaticimg_webpMontesincendiosViviendaPenco_0.webp","jetpack_sharing_enabled":true,"_links":{"self":[{"href":"https:\/\/laserenaradio.cl\/web\/wp-json\/wp\/v2\/posts\/22952","targetHints":{"allow":["GET"]}}],"collection":[{"href":"https:\/\/laserenaradio.cl\/web\/wp-json\/wp\/v2\/posts"}],"about":[{"href":"https:\/\/laserenaradio.cl\/web\/wp-json\/wp\/v2\/types\/post"}],"author":[{"embeddable":true,"href":"https:\/\/laserenaradio.cl\/web\/wp-json\/wp\/v2\/users\/2"}],"replies":[{"embeddable":true,"href":"https:\/\/laserenaradio.cl\/web\/wp-json\/wp\/v2\/comments?post=22952"}],"version-history":[{"count":1,"href":"https:\/\/laserenaradio.cl\/web\/wp-json\/wp\/v2\/posts\/22952\/revisions"}],"predecessor-version":[{"id":22953,"href":"https:\/\/laserenaradio.cl\/web\/wp-json\/wp\/v2\/posts\/22952\/revisions\/22953"}],"wp:featuredmedia":[{"embeddable":true,"href":"https:\/\/laserenaradio.cl\/web\/wp-json\/wp\/v2\/media\/22951"}],"wp:attachment":[{"href":"https:\/\/laserenaradio.cl\/web\/wp-json\/wp\/v2\/media?parent=22952"}],"wp:term":[{"taxonomy":"category","embeddable":true,"href":"https:\/\/laserenaradio.cl\/web\/wp-json\/wp\/v2\/categories?post=22952"},{"taxonomy":"post_tag","embeddable":true,"href":"https:\/\/laserenaradio.cl\/web\/wp-json\/wp\/v2\/tags?post=22952"}],"curies":[{"name":"wp","href":"https:\/\/api.w.org\/{rel}","templated":true}]}}