{"id":22935,"date":"2026-01-24T12:36:36","date_gmt":"2026-01-24T15:36:36","guid":{"rendered":"https:\/\/laserenaradio.cl\/web\/?p=22935"},"modified":"2026-01-24T12:36:36","modified_gmt":"2026-01-24T15:36:36","slug":"se-pagan-bonos-de-recuperacion-por-incendios-forestales","status":"publish","type":"post","link":"https:\/\/laserenaradio.cl\/web\/2026\/01\/24\/se-pagan-bonos-de-recuperacion-por-incendios-forestales\/","title":{"rendered":"Se pagan bonos de recuperaci\u00f3n por incendios forestales"},"content":{"rendered":"<p>Este s\u00e1bado, la ministra de Desarrollo Social, Javiera Toro, inform\u00f3 sobre el avance en la entrega de bonos de recuperaci\u00f3n por los incendios forestales en \u00d1uble y B\u00edo B\u00edo. Con una semana de emergencia, se han pagado alrededor de 2.200 bonos hasta ahora.<\/p>\n<p>Toro destac\u00f3 que la Ficha B\u00e1sica de Emergencia (FIBE) ha sido clave para identificar los da\u00f1os a las viviendas y enseres, permitiendo el pago de estos bonos. &#8220;Este es un primer catastro que permite identificar los da\u00f1os a las viviendas y a los enseres y entregar, por ejemplo, el bono de recuperaci\u00f3n&#8221;, explic\u00f3.<\/p>\n<p>Adem\u00e1s, la FIBE facilita la llegada del Ministerio de Vivienda a las zonas afectadas para aplicar la ficha 2, una herramienta t\u00e9cnica que proporciona un diagn\u00f3stico m\u00e1s detallado para la reconstrucci\u00f3n. &#8220;Tambi\u00e9n permite que el Ministerio de Vivienda llegue a las mismas zonas, despu\u00e9s de la aplicaci\u00f3n de la ficha FIBE, a aplicar la ficha 2&#8221;, a\u00f1adi\u00f3.<\/p>\n<p>La ministra subray\u00f3 la importancia de la coordinaci\u00f3n entre el Estado y la sociedad civil. En este sentido, la subsecretaria Francisca Gallegos supervisaba en Penco, trabajando en estrecha colaboraci\u00f3n con el alcalde y el municipio. &#8220;La subsecretaria Francisca Gallegos est\u00e1 en Penco viendo la situaci\u00f3n local&#8221;, inform\u00f3 Toro.<\/p>\n<p>Finalmente, la ministra destac\u00f3 su papel como enlace entre diferentes instituciones, manteniendo un constante contacto con parlamentarios y el gobierno regional para levantar necesidades y tomar decisiones. &#8220;Yo tambi\u00e9n, como ministra de enlace, estoy en coordinaci\u00f3n con los parlamentarios, con el gobierno regional&#8221;, concluy\u00f3.<\/p>\n","protected":false},"excerpt":{"rendered":"<p>Este s\u00e1bado, la ministra de Desarrollo Social, Javiera Toro, inform\u00f3 sobre el avance en la entrega de bonos de recuperaci\u00f3n por los incendios forestales en \u00d1uble y B\u00edo B\u00edo. Con una semana de emergencia, se han pagado alrededor de 2.200 bonos hasta ahora. Toro destac\u00f3 que la Ficha B\u00e1sica de Emergencia (FIBE) ha sido clave [&hellip;]<\/p>\n","protected":false},"author":2,"featured_media":9077,"comment_status":"closed","ping_status":"open","sticky":false,"template":"","format":"standard","meta":{"_jetpack_memberships_contains_paid_content":false,"jnews-multi-image_gallery":[],"jnews_single_post":[],"jnews_primary_category":[],"jnews_social_meta":[],"jnews_paywall_metabox":[],"jnews_review":[],"enable_review":"","type":"","name":"","summary":"","brand":"","sku":"","good":[],"bad":[],"score_override":"","override_value":"","rating":[],"price":[],"jnews_override_counter":[],"jnews_post_split":[],"footnotes":""},"categories":[21],"tags":[],"class_list":["post-22935","post","type-post","status-publish","format-standard","has-post-thumbnail","hentry","category-nacional"],"jetpack_featured_media_url":"https:\/\/laserenaradio.cl\/web\/wp-content\/uploads\/2024\/12\/laserenaradio_politica.webp","jetpack_sharing_enabled":true,"_links":{"self":[{"href":"https:\/\/laserenaradio.cl\/web\/wp-json\/wp\/v2\/posts\/22935","targetHints":{"allow":["GET"]}}],"collection":[{"href":"https:\/\/laserenaradio.cl\/web\/wp-json\/wp\/v2\/posts"}],"about":[{"href":"https:\/\/laserenaradio.cl\/web\/wp-json\/wp\/v2\/types\/post"}],"author":[{"embeddable":true,"href":"https:\/\/laserenaradio.cl\/web\/wp-json\/wp\/v2\/users\/2"}],"replies":[{"embeddable":true,"href":"https:\/\/laserenaradio.cl\/web\/wp-json\/wp\/v2\/comments?post=22935"}],"version-history":[{"count":1,"href":"https:\/\/laserenaradio.cl\/web\/wp-json\/wp\/v2\/posts\/22935\/revisions"}],"predecessor-version":[{"id":22936,"href":"https:\/\/laserenaradio.cl\/web\/wp-json\/wp\/v2\/posts\/22935\/revisions\/22936"}],"wp:featuredmedia":[{"embeddable":true,"href":"https:\/\/laserenaradio.cl\/web\/wp-json\/wp\/v2\/media\/9077"}],"wp:attachment":[{"href":"https:\/\/laserenaradio.cl\/web\/wp-json\/wp\/v2\/media?parent=22935"}],"wp:term":[{"taxonomy":"category","embeddable":true,"href":"https:\/\/laserenaradio.cl\/web\/wp-json\/wp\/v2\/categories?post=22935"},{"taxonomy":"post_tag","embeddable":true,"href":"https:\/\/laserenaradio.cl\/web\/wp-json\/wp\/v2\/tags?post=22935"}],"curies":[{"name":"wp","href":"https:\/\/api.w.org\/{rel}","templated":true}]}}