{"id":22933,"date":"2026-01-24T12:20:31","date_gmt":"2026-01-24T15:20:31","guid":{"rendered":"https:\/\/laserenaradio.cl\/web\/?p=22933"},"modified":"2026-01-24T12:20:31","modified_gmt":"2026-01-24T15:20:31","slug":"detienen-en-chile-al-supuesto-sublider-de-una-banda-criminal-que-explotaba-sexualmente-a-migrantes","status":"publish","type":"post","link":"https:\/\/laserenaradio.cl\/web\/2026\/01\/24\/detienen-en-chile-al-supuesto-sublider-de-una-banda-criminal-que-explotaba-sexualmente-a-migrantes\/","title":{"rendered":"Detienen en Chile al supuesto subl\u00edder de una banda criminal que explotaba sexualmente a migrantes"},"content":{"rendered":"<p>Este s\u00e1bado arrib\u00f3 a Chile Yuber Padilla, ciudadano venezolano sindicado como subl\u00edder de la banda &#8220;Los Orientales&#8221;, relacionada con delitos de trata de personas y tr\u00e1fico il\u00edcito de migrantes con fines de explotaci\u00f3n sexual.<\/p>\n<p>Durante la ma\u00f1ana, una vez que lleg\u00f3 al aeropuerto Arturo Merino Ben\u00edtez, fue detenido por la Polic\u00eda de Investigaciones (<a href=\"https:\/\/www.pdichile.cl\/\">PDI<\/a>) para ser puesto a disposici\u00f3n de la Corte de Apelaciones. Padilla fue detenido en febrero de 2025 en Estados Unidos y a casi un a\u00f1o se concret\u00f3 la extradici\u00f3n.<\/p>\n<p>Seg\u00fan antecedentes, la banda opera desde 2022 fundamentalmente en la regi\u00f3n Metropolitana, especializ\u00e1ndose en la trata de personas con fines de explotaci\u00f3n sexual, principalmente en v\u00edctimas vulnerables como menores de edad tra\u00eddas de Venezuela mediante enga\u00f1os. Adem\u00e1s, ha cometido lavado de activos, tr\u00e1fico de drogas y extorsiones.<\/p>\n<p>Padilla es indicado como el N\u00b02 de la banda y, seg\u00fan informaci\u00f3n de la <a href=\"https:\/\/www.pdichile.cl\/\">PDI<\/a>, &#8220;se estableci\u00f3 la responsabilidad del imputado extraditado como subl\u00edder de la organizaci\u00f3n criminal, cumpliendo funciones que contribuyeron al funcionamiento y permanencia de la estructura il\u00edcita, participando en la explotaci\u00f3n sexual de las v\u00edctimas y en la obtenci\u00f3n de beneficios econ\u00f3micos derivados de dicha actividad&#8221;.<\/p>\n<p>Adem\u00e1s, manten\u00eda multas a las mujeres extranjeras &#8220;oblig\u00e1ndolas a ejercer el comercio sexual, para de esta manera pagar altas sumas de dinero aprovech\u00e1ndose de la vulnerabilidad socioecon\u00f3mica de las mismas, utilizando m\u00e9todos extorsivos y de coacci\u00f3n a trav\u00e9s de amenazas y actos de violencia en su contra&#8221;.<\/p>\n<p>Yuber Padilla habr\u00eda escapado de Chile hacia Venezuela tras tener conflictos con el &#8220;Tren de Aragua&#8221;. Luego se dirigi\u00f3 a Estados Unidos, donde fue detenido.<\/p>\n","protected":false},"excerpt":{"rendered":"<p>Este s\u00e1bado arrib\u00f3 a Chile Yuber Padilla, ciudadano venezolano sindicado como subl\u00edder de la banda &#8220;Los Orientales&#8221;, relacionada con delitos de trata de personas y tr\u00e1fico il\u00edcito de migrantes con fines de explotaci\u00f3n sexual. Durante la ma\u00f1ana, una vez que lleg\u00f3 al aeropuerto Arturo Merino Ben\u00edtez, fue detenido por la Polic\u00eda de Investigaciones (PDI) para [&hellip;]<\/p>\n","protected":false},"author":2,"featured_media":9078,"comment_status":"closed","ping_status":"open","sticky":false,"template":"","format":"standard","meta":{"_jetpack_memberships_contains_paid_content":false,"jnews-multi-image_gallery":[],"jnews_single_post":[],"jnews_primary_category":[],"jnews_social_meta":[],"jnews_paywall_metabox":[],"jnews_review":[],"enable_review":"","type":"","name":"","summary":"","brand":"","sku":"","good":[],"bad":[],"score_override":"","override_value":"","rating":[],"price":[],"jnews_override_counter":[],"jnews_post_split":[],"footnotes":""},"categories":[21],"tags":[],"class_list":["post-22933","post","type-post","status-publish","format-standard","has-post-thumbnail","hentry","category-nacional"],"jetpack_featured_media_url":"https:\/\/laserenaradio.cl\/web\/wp-content\/uploads\/2024\/12\/laserenaradio_ultimo_minuto.webp","jetpack_sharing_enabled":true,"_links":{"self":[{"href":"https:\/\/laserenaradio.cl\/web\/wp-json\/wp\/v2\/posts\/22933","targetHints":{"allow":["GET"]}}],"collection":[{"href":"https:\/\/laserenaradio.cl\/web\/wp-json\/wp\/v2\/posts"}],"about":[{"href":"https:\/\/laserenaradio.cl\/web\/wp-json\/wp\/v2\/types\/post"}],"author":[{"embeddable":true,"href":"https:\/\/laserenaradio.cl\/web\/wp-json\/wp\/v2\/users\/2"}],"replies":[{"embeddable":true,"href":"https:\/\/laserenaradio.cl\/web\/wp-json\/wp\/v2\/comments?post=22933"}],"version-history":[{"count":1,"href":"https:\/\/laserenaradio.cl\/web\/wp-json\/wp\/v2\/posts\/22933\/revisions"}],"predecessor-version":[{"id":22934,"href":"https:\/\/laserenaradio.cl\/web\/wp-json\/wp\/v2\/posts\/22933\/revisions\/22934"}],"wp:featuredmedia":[{"embeddable":true,"href":"https:\/\/laserenaradio.cl\/web\/wp-json\/wp\/v2\/media\/9078"}],"wp:attachment":[{"href":"https:\/\/laserenaradio.cl\/web\/wp-json\/wp\/v2\/media?parent=22933"}],"wp:term":[{"taxonomy":"category","embeddable":true,"href":"https:\/\/laserenaradio.cl\/web\/wp-json\/wp\/v2\/categories?post=22933"},{"taxonomy":"post_tag","embeddable":true,"href":"https:\/\/laserenaradio.cl\/web\/wp-json\/wp\/v2\/tags?post=22933"}],"curies":[{"name":"wp","href":"https:\/\/api.w.org\/{rel}","templated":true}]}}