{"id":22929,"date":"2026-01-24T12:15:30","date_gmt":"2026-01-24T15:15:30","guid":{"rendered":"https:\/\/laserenaradio.cl\/web\/?p=22929"},"modified":"2026-01-24T12:15:30","modified_gmt":"2026-01-24T15:15:30","slug":"boric-visitara-concepcion-tras-los-incendios-forestales","status":"publish","type":"post","link":"https:\/\/laserenaradio.cl\/web\/2026\/01\/24\/boric-visitara-concepcion-tras-los-incendios-forestales\/","title":{"rendered":"Boric visitar\u00e1 Concepci\u00f3n tras los incendios forestales."},"content":{"rendered":"<p>El Presidente Gabirel Boric visitar\u00e1 Concepci\u00f3n este s\u00e1bado para abordar los incendios forestales que han afectado a la regi\u00f3n. Su presencia incluir\u00e1 una reuni\u00f3n en la Delegaci\u00f3n Presidencial Regional del B\u00edo B\u00edo, donde se discutir\u00e1n medidas urgentes de respuesta y prevenci\u00f3n. Participantes clave ser\u00e1n el gobernador regional Sergio Giacaman; la ministra Javiera Toro; la subsecretaria Francisca Perales; el delegado presidencial Eduardo Pacheco, y el jefe de la Defensa Nacional Contraalmirante Edgardo Acevedo. Los alcaldes H\u00e9ctor Mu\u00f1oz (Concepci\u00f3n), Rodrigo Vera (Penco), \u00cdtalo C\u00e1ceres (Tom\u00e9), y Rodrigo Montero (Florida) asistir\u00e1n tambi\u00e9n, junto a autoridades de <a href=\"https:\/\/www.carabineros.cl\/\">Carabineros<\/a>, <a href=\"https:\/\/www.pdichile.cl\/\">PDI<\/a>, <a href=\"http:\/\/www.senapred.cl\">Senapred<\/a> y Conaf.<\/p>\n<p>Por otra parte, el <a href=\"http:\/\/www.sml.gob.cl\/\">Servicio M\u00e9dico Legal<\/a> (SML) confirm\u00f3 que al menos 20 cuerpos han sido identificados hasta la fecha. Se destacan tres nuevas identificaciones basadas en an\u00e1lisis gen\u00e9tico realizado por el Laboratorio de Gen\u00e9tica del SML de Concepci\u00f3n, lo que lleva a un total de 20 v\u00edctimas fatales identificadas: seis mediante cotejo de huella dactilar y cuatro a trav\u00e9s de an\u00e1lisis gen\u00e9tico.<\/p>\n","protected":false},"excerpt":{"rendered":"<p>El Presidente Gabirel Boric visitar\u00e1 Concepci\u00f3n este s\u00e1bado para abordar los incendios forestales que han afectado a la regi\u00f3n. Su presencia incluir\u00e1 una reuni\u00f3n en la Delegaci\u00f3n Presidencial Regional del B\u00edo B\u00edo, donde se discutir\u00e1n medidas urgentes de respuesta y prevenci\u00f3n. Participantes clave ser\u00e1n el gobernador regional Sergio Giacaman; la ministra Javiera Toro; la subsecretaria [&hellip;]<\/p>\n","protected":false},"author":2,"featured_media":22928,"comment_status":"closed","ping_status":"open","sticky":false,"template":"","format":"standard","meta":{"_jetpack_memberships_contains_paid_content":false,"jnews-multi-image_gallery":[],"jnews_single_post":[],"jnews_primary_category":[],"jnews_social_meta":[],"jnews_paywall_metabox":[],"jnews_review":[],"enable_review":"","type":"","name":"","summary":"","brand":"","sku":"","good":[],"bad":[],"score_override":"","override_value":"","rating":[],"price":[],"jnews_override_counter":[],"jnews_post_split":[],"footnotes":""},"categories":[21],"tags":[],"class_list":["post-22929","post","type-post","status-publish","format-standard","has-post-thumbnail","hentry","category-nacional"],"jetpack_featured_media_url":"https:\/\/laserenaradio.cl\/web\/wp-content\/uploads\/2026\/01\/mediapiaiextstaticimg_webpBoricConcepcion_1.webp","jetpack_sharing_enabled":true,"_links":{"self":[{"href":"https:\/\/laserenaradio.cl\/web\/wp-json\/wp\/v2\/posts\/22929","targetHints":{"allow":["GET"]}}],"collection":[{"href":"https:\/\/laserenaradio.cl\/web\/wp-json\/wp\/v2\/posts"}],"about":[{"href":"https:\/\/laserenaradio.cl\/web\/wp-json\/wp\/v2\/types\/post"}],"author":[{"embeddable":true,"href":"https:\/\/laserenaradio.cl\/web\/wp-json\/wp\/v2\/users\/2"}],"replies":[{"embeddable":true,"href":"https:\/\/laserenaradio.cl\/web\/wp-json\/wp\/v2\/comments?post=22929"}],"version-history":[{"count":1,"href":"https:\/\/laserenaradio.cl\/web\/wp-json\/wp\/v2\/posts\/22929\/revisions"}],"predecessor-version":[{"id":22930,"href":"https:\/\/laserenaradio.cl\/web\/wp-json\/wp\/v2\/posts\/22929\/revisions\/22930"}],"wp:featuredmedia":[{"embeddable":true,"href":"https:\/\/laserenaradio.cl\/web\/wp-json\/wp\/v2\/media\/22928"}],"wp:attachment":[{"href":"https:\/\/laserenaradio.cl\/web\/wp-json\/wp\/v2\/media?parent=22929"}],"wp:term":[{"taxonomy":"category","embeddable":true,"href":"https:\/\/laserenaradio.cl\/web\/wp-json\/wp\/v2\/categories?post=22929"},{"taxonomy":"post_tag","embeddable":true,"href":"https:\/\/laserenaradio.cl\/web\/wp-json\/wp\/v2\/tags?post=22929"}],"curies":[{"name":"wp","href":"https:\/\/api.w.org\/{rel}","templated":true}]}}