{"id":22926,"date":"2026-01-24T12:10:22","date_gmt":"2026-01-24T15:10:22","guid":{"rendered":"https:\/\/laserenaradio.cl\/web\/?p=22926"},"modified":"2026-01-24T12:10:22","modified_gmt":"2026-01-24T15:10:22","slug":"licanten-inaugura-playa-inclusiva-en-iloca","status":"publish","type":"post","link":"https:\/\/laserenaradio.cl\/web\/2026\/01\/24\/licanten-inaugura-playa-inclusiva-en-iloca\/","title":{"rendered":"Licant\u00e9n inaugura playa inclusiva en Iloca"},"content":{"rendered":"<p>La comuna de Licant\u00e9n inaugur\u00f3 oficialmente la primera playa inclusiva de la regi\u00f3n del Maule en el balneario de Iloca, promoviendo un turismo m\u00e1s equitativo y humano. El espacio incluye sillas anfibias de \u00faltima generaci\u00f3n para personas con movilidad reducida y adultos mayores, garantizando acceso seguro al mar. Monitores capacitados acompa\u00f1an a los usuarios durante la experiencia.<\/p>\n<p>Claudio Reyes Fuenzalida, alcalde de la comuna, destac\u00f3 el impacto concreto de esta pol\u00edtica p\u00fablica, resaltando que la inclusi\u00f3n debe traducirse en acciones reales. &#8220;Es f\u00e1cil hablar de inclusi\u00f3n, pero no es f\u00e1cil hacerla. Hoy Licant\u00e9n cuenta con playas inclusivas que permiten a las personas acceder al mar de manera segura&#8221;, manifest\u00f3 el jefe comunal.<\/p>\n<p>Desde el municipio se informa que el servicio es gratuito y se encuentra disponible de mi\u00e9rcoles a domingo entre las 10:00 y las 17:30 horas, durante la temporada estival. La autoridad comunal expres\u00f3 orgullo y emoci\u00f3n por este avance, destacando que el objetivo municipal es ampliar progresivamente el programa para consolidar a Iloca como un destino tur\u00edstico plenamente accesible, con enfoque social y comunitario.<\/p>\n","protected":false},"excerpt":{"rendered":"<p>La comuna de Licant\u00e9n inaugur\u00f3 oficialmente la primera playa inclusiva de la regi\u00f3n del Maule en el balneario de Iloca, promoviendo un turismo m\u00e1s equitativo y humano. El espacio incluye sillas anfibias de \u00faltima generaci\u00f3n para personas con movilidad reducida y adultos mayores, garantizando acceso seguro al mar. Monitores capacitados acompa\u00f1an a los usuarios durante [&hellip;]<\/p>\n","protected":false},"author":2,"featured_media":22925,"comment_status":"closed","ping_status":"open","sticky":false,"template":"","format":"standard","meta":{"_jetpack_memberships_contains_paid_content":false,"jnews-multi-image_gallery":[],"jnews_single_post":[],"jnews_primary_category":[],"jnews_social_meta":[],"jnews_paywall_metabox":[],"jnews_review":[],"enable_review":"","type":"","name":"","summary":"","brand":"","sku":"","good":[],"bad":[],"score_override":"","override_value":"","rating":[],"price":[],"jnews_override_counter":[],"jnews_post_split":[],"footnotes":""},"categories":[21],"tags":[],"class_list":["post-22926","post","type-post","status-publish","format-standard","has-post-thumbnail","hentry","category-nacional"],"jetpack_featured_media_url":"https:\/\/laserenaradio.cl\/web\/wp-content\/uploads\/2026\/01\/mediapiaiextstaticimg_webpIlocacomunaplayainclusiva_0.webp","jetpack_sharing_enabled":true,"_links":{"self":[{"href":"https:\/\/laserenaradio.cl\/web\/wp-json\/wp\/v2\/posts\/22926","targetHints":{"allow":["GET"]}}],"collection":[{"href":"https:\/\/laserenaradio.cl\/web\/wp-json\/wp\/v2\/posts"}],"about":[{"href":"https:\/\/laserenaradio.cl\/web\/wp-json\/wp\/v2\/types\/post"}],"author":[{"embeddable":true,"href":"https:\/\/laserenaradio.cl\/web\/wp-json\/wp\/v2\/users\/2"}],"replies":[{"embeddable":true,"href":"https:\/\/laserenaradio.cl\/web\/wp-json\/wp\/v2\/comments?post=22926"}],"version-history":[{"count":1,"href":"https:\/\/laserenaradio.cl\/web\/wp-json\/wp\/v2\/posts\/22926\/revisions"}],"predecessor-version":[{"id":22927,"href":"https:\/\/laserenaradio.cl\/web\/wp-json\/wp\/v2\/posts\/22926\/revisions\/22927"}],"wp:featuredmedia":[{"embeddable":true,"href":"https:\/\/laserenaradio.cl\/web\/wp-json\/wp\/v2\/media\/22925"}],"wp:attachment":[{"href":"https:\/\/laserenaradio.cl\/web\/wp-json\/wp\/v2\/media?parent=22926"}],"wp:term":[{"taxonomy":"category","embeddable":true,"href":"https:\/\/laserenaradio.cl\/web\/wp-json\/wp\/v2\/categories?post=22926"},{"taxonomy":"post_tag","embeddable":true,"href":"https:\/\/laserenaradio.cl\/web\/wp-json\/wp\/v2\/tags?post=22926"}],"curies":[{"name":"wp","href":"https:\/\/api.w.org\/{rel}","templated":true}]}}