{"id":22923,"date":"2026-01-24T00:26:11","date_gmt":"2026-01-24T03:26:11","guid":{"rendered":"https:\/\/laserenaradio.cl\/web\/?p=22923"},"modified":"2026-01-24T00:26:11","modified_gmt":"2026-01-24T03:26:11","slug":"buzo-muere-succionado-por-ducto-en-pozo-de-agua-en-tome","status":"publish","type":"post","link":"https:\/\/laserenaradio.cl\/web\/2026\/01\/24\/buzo-muere-succionado-por-ducto-en-pozo-de-agua-en-tome\/","title":{"rendered":"Buzo muere succionado por ducto en pozo de agua en Tom\u00e9"},"content":{"rendered":"<p>Julio Alexander Alfaro Arriagada, un buzo de 28 a\u00f1os, falleci\u00f3 luego de ser succionado por un ducto mientras realizaba tareas de limpieza en un pozo de Essbio en Tom\u00e9, regi\u00f3n del B\u00edo B\u00edo. Seg\u00fan Radio B\u00edo B\u00edo, la empresa comunic\u00f3 la muerte a trav\u00e9s de una declaraci\u00f3n p\u00fablica, catalog\u00e1ndola como un accidente. Como medida para abordar la emergencia, Essbio ejecut\u00f3 un corte de agua potable en la comuna.<\/p>\n<p>&#8220;Si hay una investigaci\u00f3n, que se haga\u201d, declar\u00f3 Carla Arriagada, madre del joven. \u201cPrimero es lo primero, vivir nuestro duelo y nuestro dolor, y despu\u00e9s lo que tenga que pasar\u201d, a\u00f1adi\u00f3 a La Radio. Asimismo, expres\u00f3 esperanza en que se determinen las responsabilidades correspondientes.<\/p>\n<p>Julio naci\u00f3 en Los \u00c1ngeles pero residi\u00f3 en Concepci\u00f3n. Familiares describieron al joven como cercano a sus seis hermanos y amante del mar y las aventuras. Algunos recuerdan que vivi\u00f3 un tiempo en Isla de Pascua, compar\u00e1ndolo con Francisco \u201cPancho\u201d Saavedra.<\/p>\n<p>Irma, su t\u00eda, comparti\u00f3: &#8220;C\u00f3mo no lo voy a recordar. Su sonrisa, sus locuras. Vivi\u00f3 en tiempo r\u00e9cord todo lo que no hemos vivido nosotros&#8221;. <\/p>\n<p>Seg\u00fan familiares y amigos, Julio ten\u00eda una vasta experiencia en buceo, habiendo sido buzo de la Armada por a\u00f1os y luego dedicarse al buceo comercial. La tarde del jueves ingres\u00f3 a un pozo de 5 metros de profundidad, donde algo fall\u00f3. Jos\u00e9 Contreras, amigo y tambi\u00e9n buzo, y V\u00edctor Miranda, t\u00edo de Julio, explicaron la tragedia, denunciando negligencia por parte de Essbio.<\/p>\n<p>El comisario Jorge Cartagena de la Brigada de Homicidios de la Polic\u00eda de Investigaciones (<a href=\"https:\/\/www.pdichile.cl\/\">PDI<\/a>) confirm\u00f3 que la v\u00edctima muri\u00f3 tras ser succionado por un ducto del estanque de agua. En su comunicado, Essbio lament\u00f3 el fallecimiento del trabajador contratista de \u201c\u00c1pala Marine\u201d, indicando que activaron los protocolos y se pondr\u00e1n a disposici\u00f3n para esclarecer lo ocurrido.<\/p>\n<p>La familia exigi\u00f3 justicia y se refiri\u00f3 a la ley que reconoce al buceo como labor profesional, esperando que tras lo ocurrido se mejoren las condiciones de seguridad para realizar este tipo de trabajos.<\/p>\n","protected":false},"excerpt":{"rendered":"<p>Julio Alexander Alfaro Arriagada, un buzo de 28 a\u00f1os, falleci\u00f3 luego de ser succionado por un ducto mientras realizaba tareas de limpieza en un pozo de Essbio en Tom\u00e9, regi\u00f3n del B\u00edo B\u00edo. Seg\u00fan Radio B\u00edo B\u00edo, la empresa comunic\u00f3 la muerte a trav\u00e9s de una declaraci\u00f3n p\u00fablica, catalog\u00e1ndola como un accidente. Como medida para [&hellip;]<\/p>\n","protected":false},"author":2,"featured_media":9076,"comment_status":"closed","ping_status":"open","sticky":false,"template":"","format":"standard","meta":{"_jetpack_memberships_contains_paid_content":false,"jnews-multi-image_gallery":[],"jnews_single_post":[],"jnews_primary_category":[],"jnews_social_meta":[],"jnews_paywall_metabox":[],"jnews_review":[],"enable_review":"","type":"","name":"","summary":"","brand":"","sku":"","good":[],"bad":[],"score_override":"","override_value":"","rating":[],"price":[],"jnews_override_counter":[],"jnews_post_split":[],"footnotes":""},"categories":[21],"tags":[],"class_list":["post-22923","post","type-post","status-publish","format-standard","has-post-thumbnail","hentry","category-nacional"],"jetpack_featured_media_url":"https:\/\/laserenaradio.cl\/web\/wp-content\/uploads\/2024\/12\/laserenaradio_nacional.webp","jetpack_sharing_enabled":true,"_links":{"self":[{"href":"https:\/\/laserenaradio.cl\/web\/wp-json\/wp\/v2\/posts\/22923","targetHints":{"allow":["GET"]}}],"collection":[{"href":"https:\/\/laserenaradio.cl\/web\/wp-json\/wp\/v2\/posts"}],"about":[{"href":"https:\/\/laserenaradio.cl\/web\/wp-json\/wp\/v2\/types\/post"}],"author":[{"embeddable":true,"href":"https:\/\/laserenaradio.cl\/web\/wp-json\/wp\/v2\/users\/2"}],"replies":[{"embeddable":true,"href":"https:\/\/laserenaradio.cl\/web\/wp-json\/wp\/v2\/comments?post=22923"}],"version-history":[{"count":1,"href":"https:\/\/laserenaradio.cl\/web\/wp-json\/wp\/v2\/posts\/22923\/revisions"}],"predecessor-version":[{"id":22924,"href":"https:\/\/laserenaradio.cl\/web\/wp-json\/wp\/v2\/posts\/22923\/revisions\/22924"}],"wp:featuredmedia":[{"embeddable":true,"href":"https:\/\/laserenaradio.cl\/web\/wp-json\/wp\/v2\/media\/9076"}],"wp:attachment":[{"href":"https:\/\/laserenaradio.cl\/web\/wp-json\/wp\/v2\/media?parent=22923"}],"wp:term":[{"taxonomy":"category","embeddable":true,"href":"https:\/\/laserenaradio.cl\/web\/wp-json\/wp\/v2\/categories?post=22923"},{"taxonomy":"post_tag","embeddable":true,"href":"https:\/\/laserenaradio.cl\/web\/wp-json\/wp\/v2\/tags?post=22923"}],"curies":[{"name":"wp","href":"https:\/\/api.w.org\/{rel}","templated":true}]}}