{"id":22906,"date":"2026-01-23T13:55:45","date_gmt":"2026-01-23T16:55:45","guid":{"rendered":"https:\/\/laserenaradio.cl\/web\/?p=22906"},"modified":"2026-01-23T13:55:45","modified_gmt":"2026-01-23T16:55:45","slug":"hombre-detenido-por-atacar-a-su-pareja-con-cuchillos-y-motosierra-en-punta-arenas","status":"publish","type":"post","link":"https:\/\/laserenaradio.cl\/web\/2026\/01\/23\/hombre-detenido-por-atacar-a-su-pareja-con-cuchillos-y-motosierra-en-punta-arenas\/","title":{"rendered":"Hombre detenido por atacar a su pareja con cuchillos y motosierra en Punta Arenas"},"content":{"rendered":"<p>En prisi\u00f3n preventiva qued\u00f3 un sujeto acusado de atacar a su pareja con cuchillos y una motosierra en Punta Arenas, regi\u00f3n de Magallanes. Los hechos ocurrieron el 20 y 21 de enero, cuando la pareja mantuvo una discusi\u00f3n que se vio empeorada por el estado et\u00edlico del imputado.<\/p>\n<p>Seg\u00fan lo expuesto por la fiscal Wendoline Acu\u00f1a, el sujeto estaba ebrio al momento de los incidentes. Comenz\u00f3 amenazando a la v\u00edctima en m\u00faltiples ocasiones y posteriormente la amedrent\u00f3 con cuchillos, incluso trat\u00f3 de encender una motosierra para atacarla. Afortunadamente, la mujer pudo defenderse y forcejear, refugi\u00e1ndose en un dormitorio mientras el hombre la persegu\u00eda.<\/p>\n<p>La madrugada del 21 de enero, el hombre volvi\u00f3 a la vivienda, forzando la puerta con patadas e ingresando para golpear y asfixiar a su pareja. La acci\u00f3n criminal fue interrumpida por la llegada de la hermana de la mujer.<\/p>\n<p>La fiscal tambi\u00e9n destac\u00f3 que el hombre manten\u00eda una condena anterior por violencia intrafamiliar dictada en marzo de 2025, lo que subraya un patr\u00f3n de comportamiento agresivo. Finalmente, se otorg\u00f3 un plazo de investigaci\u00f3n de 90 d\u00edas.<\/p>\n","protected":false},"excerpt":{"rendered":"<p>En prisi\u00f3n preventiva qued\u00f3 un sujeto acusado de atacar a su pareja con cuchillos y una motosierra en Punta Arenas, regi\u00f3n de Magallanes. Los hechos ocurrieron el 20 y 21 de enero, cuando la pareja mantuvo una discusi\u00f3n que se vio empeorada por el estado et\u00edlico del imputado. Seg\u00fan lo expuesto por la fiscal Wendoline [&hellip;]<\/p>\n","protected":false},"author":2,"featured_media":22905,"comment_status":"closed","ping_status":"open","sticky":false,"template":"","format":"standard","meta":{"_jetpack_memberships_contains_paid_content":false,"jnews-multi-image_gallery":[],"jnews_single_post":[],"jnews_primary_category":[],"jnews_social_meta":[],"jnews_paywall_metabox":[],"jnews_review":[],"enable_review":"","type":"","name":"","summary":"","brand":"","sku":"","good":[],"bad":[],"score_override":"","override_value":"","rating":[],"price":[],"jnews_override_counter":[],"jnews_post_split":[],"footnotes":""},"categories":[21],"tags":[],"class_list":["post-22906","post","type-post","status-publish","format-standard","has-post-thumbnail","hentry","category-nacional"],"jetpack_featured_media_url":"https:\/\/laserenaradio.cl\/web\/wp-content\/uploads\/2026\/01\/mediapiaiextstaticimg_webpparejacuchillosmotosierrahombre_1.webp","jetpack_sharing_enabled":true,"_links":{"self":[{"href":"https:\/\/laserenaradio.cl\/web\/wp-json\/wp\/v2\/posts\/22906","targetHints":{"allow":["GET"]}}],"collection":[{"href":"https:\/\/laserenaradio.cl\/web\/wp-json\/wp\/v2\/posts"}],"about":[{"href":"https:\/\/laserenaradio.cl\/web\/wp-json\/wp\/v2\/types\/post"}],"author":[{"embeddable":true,"href":"https:\/\/laserenaradio.cl\/web\/wp-json\/wp\/v2\/users\/2"}],"replies":[{"embeddable":true,"href":"https:\/\/laserenaradio.cl\/web\/wp-json\/wp\/v2\/comments?post=22906"}],"version-history":[{"count":1,"href":"https:\/\/laserenaradio.cl\/web\/wp-json\/wp\/v2\/posts\/22906\/revisions"}],"predecessor-version":[{"id":22907,"href":"https:\/\/laserenaradio.cl\/web\/wp-json\/wp\/v2\/posts\/22906\/revisions\/22907"}],"wp:featuredmedia":[{"embeddable":true,"href":"https:\/\/laserenaradio.cl\/web\/wp-json\/wp\/v2\/media\/22905"}],"wp:attachment":[{"href":"https:\/\/laserenaradio.cl\/web\/wp-json\/wp\/v2\/media?parent=22906"}],"wp:term":[{"taxonomy":"category","embeddable":true,"href":"https:\/\/laserenaradio.cl\/web\/wp-json\/wp\/v2\/categories?post=22906"},{"taxonomy":"post_tag","embeddable":true,"href":"https:\/\/laserenaradio.cl\/web\/wp-json\/wp\/v2\/tags?post=22906"}],"curies":[{"name":"wp","href":"https:\/\/api.w.org\/{rel}","templated":true}]}}