{"id":22903,"date":"2026-01-23T13:49:45","date_gmt":"2026-01-23T16:49:45","guid":{"rendered":"https:\/\/laserenaradio.cl\/web\/?p=22903"},"modified":"2026-01-23T13:49:45","modified_gmt":"2026-01-23T16:49:45","slug":"atacan-con-piedras-un-carro-de-bomberos-en-la-araucania","status":"publish","type":"post","link":"https:\/\/laserenaradio.cl\/web\/2026\/01\/23\/atacan-con-piedras-un-carro-de-bomberos-en-la-araucania\/","title":{"rendered":"Atacan con piedras un carro de bomberos en La Araucan\u00eda"},"content":{"rendered":"<p>En investigaci\u00f3n se mantiene el ataque con piedras que sufri\u00f3 un carro de <a href=\"https:\/\/www.bomberos.cl\/\">Bomberos<\/a> de R\u00edo Bueno, regi\u00f3n de Los R\u00edos, que estaba apoyando el combate de los incendios forestales en la regi\u00f3n de La Araucan\u00eda.<\/p>\n<p>En el sector colonia Manuel Rodr\u00edguez de la comuna de Angol se registr\u00f3 el complejo incidente que afect\u00f3 a la Tercera Compa\u00f1\u00eda de R\u00edo Bueno. Seg\u00fan lo relatado por el comandante de <a href=\"https:\/\/www.bomberos.cl\/\">Bomberos<\/a> Alad\u00edn Burgos, el veh\u00edculo y los voluntarios estaban en pleno combate de las llamas cuando comenzaron a escuchar balazos.<\/p>\n<p>Luego observaron a una persona alterada que comenz\u00f3 a gritarles, a pesar de que intentaba ser calmado por las personas que lo acompa\u00f1aban, aparentemente familiares. La situaci\u00f3n escal\u00f3 cuando debido al avance de las llamas se activ\u00f3 una alerta SAE para evacuar el sector, lo que alter\u00f3 los \u00e1nimos.<\/p>\n<p>De acuerdo a lo indicado por el comandante Alad\u00edn Burgos minutos despu\u00e9s el carro de la tercera compa\u00f1\u00eda, al volver del punto de abastecimiento de agua, fue atacado con piedras. A ra\u00edz de esta situaci\u00f3n, el comandante orden\u00f3 el retorno de los voluntarios de la Tercera Compa\u00f1\u00eda a R\u00edo Bueno.<\/p>\n<p>Mientras tanto, el oficial de <a href=\"https:\/\/www.bomberos.cl\/\">Bomberos<\/a> lament\u00f3 lo ocurrido. De todas formas, contin\u00faa el despliegue de otras compa\u00f1\u00edas de R\u00edo Bueno y las dem\u00e1s comunas de la regi\u00f3n del B\u00edo B\u00edo apoyando el intenso trabajo para controlar los m\u00faltiples incendios forestales que han azotado a esa zona del pa\u00eds.<\/p>\n","protected":false},"excerpt":{"rendered":"<p>En investigaci\u00f3n se mantiene el ataque con piedras que sufri\u00f3 un carro de Bomberos de R\u00edo Bueno, regi\u00f3n de Los R\u00edos, que estaba apoyando el combate de los incendios forestales en la regi\u00f3n de La Araucan\u00eda. En el sector colonia Manuel Rodr\u00edguez de la comuna de Angol se registr\u00f3 el complejo incidente que afect\u00f3 a [&hellip;]<\/p>\n","protected":false},"author":2,"featured_media":22902,"comment_status":"closed","ping_status":"open","sticky":false,"template":"","format":"standard","meta":{"_jetpack_memberships_contains_paid_content":false,"jnews-multi-image_gallery":[],"jnews_single_post":[],"jnews_primary_category":[],"jnews_social_meta":[],"jnews_paywall_metabox":[],"jnews_review":[],"enable_review":"","type":"","name":"","summary":"","brand":"","sku":"","good":[],"bad":[],"score_override":"","override_value":"","rating":[],"price":[],"jnews_override_counter":[],"jnews_post_split":[],"footnotes":""},"categories":[21],"tags":[],"class_list":["post-22903","post","type-post","status-publish","format-standard","has-post-thumbnail","hentry","category-nacional"],"jetpack_featured_media_url":"https:\/\/laserenaradio.cl\/web\/wp-content\/uploads\/2026\/01\/mediapiaiextstaticimg_webpbomberosBuenocarroBomberos_1.webp","jetpack_sharing_enabled":true,"_links":{"self":[{"href":"https:\/\/laserenaradio.cl\/web\/wp-json\/wp\/v2\/posts\/22903","targetHints":{"allow":["GET"]}}],"collection":[{"href":"https:\/\/laserenaradio.cl\/web\/wp-json\/wp\/v2\/posts"}],"about":[{"href":"https:\/\/laserenaradio.cl\/web\/wp-json\/wp\/v2\/types\/post"}],"author":[{"embeddable":true,"href":"https:\/\/laserenaradio.cl\/web\/wp-json\/wp\/v2\/users\/2"}],"replies":[{"embeddable":true,"href":"https:\/\/laserenaradio.cl\/web\/wp-json\/wp\/v2\/comments?post=22903"}],"version-history":[{"count":1,"href":"https:\/\/laserenaradio.cl\/web\/wp-json\/wp\/v2\/posts\/22903\/revisions"}],"predecessor-version":[{"id":22904,"href":"https:\/\/laserenaradio.cl\/web\/wp-json\/wp\/v2\/posts\/22903\/revisions\/22904"}],"wp:featuredmedia":[{"embeddable":true,"href":"https:\/\/laserenaradio.cl\/web\/wp-json\/wp\/v2\/media\/22902"}],"wp:attachment":[{"href":"https:\/\/laserenaradio.cl\/web\/wp-json\/wp\/v2\/media?parent=22903"}],"wp:term":[{"taxonomy":"category","embeddable":true,"href":"https:\/\/laserenaradio.cl\/web\/wp-json\/wp\/v2\/categories?post=22903"},{"taxonomy":"post_tag","embeddable":true,"href":"https:\/\/laserenaradio.cl\/web\/wp-json\/wp\/v2\/tags?post=22903"}],"curies":[{"name":"wp","href":"https:\/\/api.w.org\/{rel}","templated":true}]}}