{"id":22896,"date":"2026-01-23T12:28:11","date_gmt":"2026-01-23T15:28:11","guid":{"rendered":"https:\/\/laserenaradio.cl\/web\/?p=22896"},"modified":"2026-01-23T12:28:11","modified_gmt":"2026-01-23T15:28:11","slug":"concierto-solidario-de-los-jaivas-en-concepcion","status":"publish","type":"post","link":"https:\/\/laserenaradio.cl\/web\/2026\/01\/23\/concierto-solidario-de-los-jaivas-en-concepcion\/","title":{"rendered":"Concierto solidario de Los Jaivas en Concepci\u00f3n"},"content":{"rendered":"<p>Los Jaivas confirm\u00f3 su participaci\u00f3n en un concierto solidario este s\u00e1bado 24 de enero en Concepci\u00f3n. El show forma parte de la Feria Internacional de Arte Popular (FIAP) y tendr\u00e1 lugar desde las 19:30 horas en el Parque Ecuador.<\/p>\n<p>Adem\u00e1s de Los Jaivas, estar\u00e1 sobre el escenario la banda local Urus. La agrupaci\u00f3n, con m\u00e1s de seis d\u00e9cadas de trayectoria en la escena musical chilena, hizo un llamado a trav\u00e9s de sus redes sociales invitando a la comunidad a sumarse a esta instancia que busca &#8220;transformar la m\u00fasica en un puente de apoyo&#8221;.<\/p>\n<p>&#8220;Chile entero est\u00e1 hoy con ustedes, y Los Jaivas tambi\u00e9n, con el coraz\u00f3n abierto&#8221;, a\u00f1adieron en el mensaje.<\/p>\n<p>Vale destacar que no se cobra entrada para el concierto. Es libre y gratuito. Sin embargo, la organizaci\u00f3n habilitar\u00e1 un punto de acopio en el mismo Parque Ecuador. De este modo, quienes asistan pueden llevar: ropa, alimentos no perecibles o dinero en efectivo.<\/p>\n<p>Estas donaciones ser\u00e1n destinadas a las familias damnificadas por los siniestros forestales recientes en las regiones de \u00d1uble y Biob\u00edo.<\/p>\n","protected":false},"excerpt":{"rendered":"<p>Los Jaivas confirm\u00f3 su participaci\u00f3n en un concierto solidario este s\u00e1bado 24 de enero en Concepci\u00f3n. El show forma parte de la Feria Internacional de Arte Popular (FIAP) y tendr\u00e1 lugar desde las 19:30 horas en el Parque Ecuador. Adem\u00e1s de Los Jaivas, estar\u00e1 sobre el escenario la banda local Urus. La agrupaci\u00f3n, con m\u00e1s [&hellip;]<\/p>\n","protected":false},"author":2,"featured_media":22895,"comment_status":"closed","ping_status":"open","sticky":false,"template":"","format":"standard","meta":{"_jetpack_memberships_contains_paid_content":false,"jnews-multi-image_gallery":[],"jnews_single_post":[],"jnews_primary_category":[],"jnews_social_meta":[],"jnews_paywall_metabox":[],"jnews_review":[],"enable_review":"","type":"","name":"","summary":"","brand":"","sku":"","good":[],"bad":[],"score_override":"","override_value":"","rating":[],"price":[],"jnews_override_counter":[],"jnews_post_split":[],"footnotes":""},"categories":[21],"tags":[],"class_list":["post-22896","post","type-post","status-publish","format-standard","has-post-thumbnail","hentry","category-nacional"],"jetpack_featured_media_url":"https:\/\/laserenaradio.cl\/web\/wp-content\/uploads\/2026\/01\/mediapiaiextstaticimg_webpConciertoJaivas_1.webp","jetpack_sharing_enabled":true,"_links":{"self":[{"href":"https:\/\/laserenaradio.cl\/web\/wp-json\/wp\/v2\/posts\/22896","targetHints":{"allow":["GET"]}}],"collection":[{"href":"https:\/\/laserenaradio.cl\/web\/wp-json\/wp\/v2\/posts"}],"about":[{"href":"https:\/\/laserenaradio.cl\/web\/wp-json\/wp\/v2\/types\/post"}],"author":[{"embeddable":true,"href":"https:\/\/laserenaradio.cl\/web\/wp-json\/wp\/v2\/users\/2"}],"replies":[{"embeddable":true,"href":"https:\/\/laserenaradio.cl\/web\/wp-json\/wp\/v2\/comments?post=22896"}],"version-history":[{"count":1,"href":"https:\/\/laserenaradio.cl\/web\/wp-json\/wp\/v2\/posts\/22896\/revisions"}],"predecessor-version":[{"id":22897,"href":"https:\/\/laserenaradio.cl\/web\/wp-json\/wp\/v2\/posts\/22896\/revisions\/22897"}],"wp:featuredmedia":[{"embeddable":true,"href":"https:\/\/laserenaradio.cl\/web\/wp-json\/wp\/v2\/media\/22895"}],"wp:attachment":[{"href":"https:\/\/laserenaradio.cl\/web\/wp-json\/wp\/v2\/media?parent=22896"}],"wp:term":[{"taxonomy":"category","embeddable":true,"href":"https:\/\/laserenaradio.cl\/web\/wp-json\/wp\/v2\/categories?post=22896"},{"taxonomy":"post_tag","embeddable":true,"href":"https:\/\/laserenaradio.cl\/web\/wp-json\/wp\/v2\/tags?post=22896"}],"curies":[{"name":"wp","href":"https:\/\/api.w.org\/{rel}","templated":true}]}}