{"id":22893,"date":"2026-01-23T12:25:54","date_gmt":"2026-01-23T15:25:54","guid":{"rendered":"https:\/\/laserenaradio.cl\/web\/?p=22893"},"modified":"2026-01-23T12:25:54","modified_gmt":"2026-01-23T15:25:54","slug":"boric-anuncia-ayudas-a-damnificados-por-incendios-forestales-del-sur-de-chile","status":"publish","type":"post","link":"https:\/\/laserenaradio.cl\/web\/2026\/01\/23\/boric-anuncia-ayudas-a-damnificados-por-incendios-forestales-del-sur-de-chile\/","title":{"rendered":"Boric anuncia ayudas a damnificados por incendios forestales del sur de Chile"},"content":{"rendered":"<p>El presidente Gabriel Boric anunci\u00f3 ayudas tempranas a damnificados por incendios en \u00d1uble y B\u00edo B\u00edo. Entre las medidas, se incluye el pago del bono de recuperaci\u00f3n, activaci\u00f3n del bolsillo electr\u00f3nico de emergencia y subsidios para pymes. <\/p>\n<p>Adem\u00e1s, se entregar\u00e1 mochilas con \u00fatiles b\u00e1sicos en albergues, refuerzo asistencial cl\u00ednico con insumos m\u00e9dicos y sanitarios, becas de emergencia para alumnos de educaci\u00f3n b\u00e1sica y media, ayuda financiera para estudiantes de educaci\u00f3n superior, y operativos para atenci\u00f3n de mascotas.<\/p>\n","protected":false},"excerpt":{"rendered":"<p>El presidente Gabriel Boric anunci\u00f3 ayudas tempranas a damnificados por incendios en \u00d1uble y B\u00edo B\u00edo. Entre las medidas, se incluye el pago del bono de recuperaci\u00f3n, activaci\u00f3n del bolsillo electr\u00f3nico de emergencia y subsidios para pymes. Adem\u00e1s, se entregar\u00e1 mochilas con \u00fatiles b\u00e1sicos en albergues, refuerzo asistencial cl\u00ednico con insumos m\u00e9dicos y sanitarios, becas [&hellip;]<\/p>\n","protected":false},"author":2,"featured_media":22892,"comment_status":"closed","ping_status":"open","sticky":false,"template":"","format":"standard","meta":{"_jetpack_memberships_contains_paid_content":false,"jnews-multi-image_gallery":[],"jnews_single_post":[],"jnews_primary_category":[],"jnews_social_meta":[],"jnews_paywall_metabox":[],"jnews_review":[],"enable_review":"","type":"","name":"","summary":"","brand":"","sku":"","good":[],"bad":[],"score_override":"","override_value":"","rating":[],"price":[],"jnews_override_counter":[],"jnews_post_split":[],"footnotes":""},"categories":[21],"tags":[],"class_list":["post-22893","post","type-post","status-publish","format-standard","has-post-thumbnail","hentry","category-nacional"],"jetpack_featured_media_url":"https:\/\/laserenaradio.cl\/web\/wp-content\/uploads\/2026\/01\/mediapiaiextstaticimg_webpdamnificadosincendiosemergencia_1.webp","jetpack_sharing_enabled":true,"_links":{"self":[{"href":"https:\/\/laserenaradio.cl\/web\/wp-json\/wp\/v2\/posts\/22893","targetHints":{"allow":["GET"]}}],"collection":[{"href":"https:\/\/laserenaradio.cl\/web\/wp-json\/wp\/v2\/posts"}],"about":[{"href":"https:\/\/laserenaradio.cl\/web\/wp-json\/wp\/v2\/types\/post"}],"author":[{"embeddable":true,"href":"https:\/\/laserenaradio.cl\/web\/wp-json\/wp\/v2\/users\/2"}],"replies":[{"embeddable":true,"href":"https:\/\/laserenaradio.cl\/web\/wp-json\/wp\/v2\/comments?post=22893"}],"version-history":[{"count":1,"href":"https:\/\/laserenaradio.cl\/web\/wp-json\/wp\/v2\/posts\/22893\/revisions"}],"predecessor-version":[{"id":22894,"href":"https:\/\/laserenaradio.cl\/web\/wp-json\/wp\/v2\/posts\/22893\/revisions\/22894"}],"wp:featuredmedia":[{"embeddable":true,"href":"https:\/\/laserenaradio.cl\/web\/wp-json\/wp\/v2\/media\/22892"}],"wp:attachment":[{"href":"https:\/\/laserenaradio.cl\/web\/wp-json\/wp\/v2\/media?parent=22893"}],"wp:term":[{"taxonomy":"category","embeddable":true,"href":"https:\/\/laserenaradio.cl\/web\/wp-json\/wp\/v2\/categories?post=22893"},{"taxonomy":"post_tag","embeddable":true,"href":"https:\/\/laserenaradio.cl\/web\/wp-json\/wp\/v2\/tags?post=22893"}],"curies":[{"name":"wp","href":"https:\/\/api.w.org\/{rel}","templated":true}]}}