{"id":22890,"date":"2026-01-23T12:24:09","date_gmt":"2026-01-23T15:24:09","guid":{"rendered":"https:\/\/laserenaradio.cl\/web\/?p=22890"},"modified":"2026-01-23T12:24:09","modified_gmt":"2026-01-23T15:24:09","slug":"residencia-para-adultos-mayores-de-pucon-cerrada-por-vulneraciones","status":"publish","type":"post","link":"https:\/\/laserenaradio.cl\/web\/2026\/01\/23\/residencia-para-adultos-mayores-de-pucon-cerrada-por-vulneraciones\/","title":{"rendered":"Residencia para adultos mayores de Puc\u00f3n cerrada por vulneraciones"},"content":{"rendered":"<p>La residencia para adultos mayores &#8220;El legado del nonno&#8221; en Puc\u00f3n, comuna de La Araucan\u00eda, qued\u00f3 prohibida por funcionamiento tras una exhaustiva fiscalizaci\u00f3n. <\/p>\n<p>Realizada por personal de la Seremi de Salud y del Servicio Nacional del Adulto Mayor, junto con el Ministerio P\u00fablico. La fiscalizaci\u00f3n se llev\u00f3 a cabo durante la jornada de este jueves en Pasaje Los Gualles. <\/p>\n<p>Marina Mathus, concejala local, denunci\u00f3 ante el Ministerio P\u00fablico por vulneraci\u00f3n de derechos para adultos mayores internados. Tras el recorrido, se detectaron problemas serios en la residencia. <\/p>\n<p>Las seis personas internadas (dos postradas y cuatro autovalentes) tienen 30 d\u00edas para reubicarse. El Ministerio P\u00fablico adjuntar\u00e1 los antecedentes a la carpeta de la <a href=\"https:\/\/www.fiscaliadechile.cl\/\">Fiscal\u00eda<\/a> local contra la representante legal de la residencia.<\/p>\n","protected":false},"excerpt":{"rendered":"<p>La residencia para adultos mayores &#8220;El legado del nonno&#8221; en Puc\u00f3n, comuna de La Araucan\u00eda, qued\u00f3 prohibida por funcionamiento tras una exhaustiva fiscalizaci\u00f3n. Realizada por personal de la Seremi de Salud y del Servicio Nacional del Adulto Mayor, junto con el Ministerio P\u00fablico. La fiscalizaci\u00f3n se llev\u00f3 a cabo durante la jornada de este jueves [&hellip;]<\/p>\n","protected":false},"author":2,"featured_media":22889,"comment_status":"closed","ping_status":"open","sticky":false,"template":"","format":"standard","meta":{"_jetpack_memberships_contains_paid_content":false,"jnews-multi-image_gallery":[],"jnews_single_post":[],"jnews_primary_category":[],"jnews_social_meta":[],"jnews_paywall_metabox":[],"jnews_review":[],"enable_review":"","type":"","name":"","summary":"","brand":"","sku":"","good":[],"bad":[],"score_override":"","override_value":"","rating":[],"price":[],"jnews_override_counter":[],"jnews_post_split":[],"footnotes":""},"categories":[21],"tags":[],"class_list":["post-22890","post","type-post","status-publish","format-standard","has-post-thumbnail","hentry","category-nacional"],"jetpack_featured_media_url":"https:\/\/laserenaradio.cl\/web\/wp-content\/uploads\/2026\/01\/mediapiaiextstaticimg_webpadultosmayoresMinisterio_0.webp","jetpack_sharing_enabled":true,"_links":{"self":[{"href":"https:\/\/laserenaradio.cl\/web\/wp-json\/wp\/v2\/posts\/22890","targetHints":{"allow":["GET"]}}],"collection":[{"href":"https:\/\/laserenaradio.cl\/web\/wp-json\/wp\/v2\/posts"}],"about":[{"href":"https:\/\/laserenaradio.cl\/web\/wp-json\/wp\/v2\/types\/post"}],"author":[{"embeddable":true,"href":"https:\/\/laserenaradio.cl\/web\/wp-json\/wp\/v2\/users\/2"}],"replies":[{"embeddable":true,"href":"https:\/\/laserenaradio.cl\/web\/wp-json\/wp\/v2\/comments?post=22890"}],"version-history":[{"count":1,"href":"https:\/\/laserenaradio.cl\/web\/wp-json\/wp\/v2\/posts\/22890\/revisions"}],"predecessor-version":[{"id":22891,"href":"https:\/\/laserenaradio.cl\/web\/wp-json\/wp\/v2\/posts\/22890\/revisions\/22891"}],"wp:featuredmedia":[{"embeddable":true,"href":"https:\/\/laserenaradio.cl\/web\/wp-json\/wp\/v2\/media\/22889"}],"wp:attachment":[{"href":"https:\/\/laserenaradio.cl\/web\/wp-json\/wp\/v2\/media?parent=22890"}],"wp:term":[{"taxonomy":"category","embeddable":true,"href":"https:\/\/laserenaradio.cl\/web\/wp-json\/wp\/v2\/categories?post=22890"},{"taxonomy":"post_tag","embeddable":true,"href":"https:\/\/laserenaradio.cl\/web\/wp-json\/wp\/v2\/tags?post=22890"}],"curies":[{"name":"wp","href":"https:\/\/api.w.org\/{rel}","templated":true}]}}