{"id":22885,"date":"2026-01-23T11:21:47","date_gmt":"2026-01-23T14:21:47","guid":{"rendered":"https:\/\/laserenaradio.cl\/web\/?p=22885"},"modified":"2026-01-23T11:21:47","modified_gmt":"2026-01-23T14:21:47","slug":"copec-interpone-querella-contra-taxista-que-atropello-a-trabajador-en-servicentro","status":"publish","type":"post","link":"https:\/\/laserenaradio.cl\/web\/2026\/01\/23\/copec-interpone-querella-contra-taxista-que-atropello-a-trabajador-en-servicentro\/","title":{"rendered":"Copec interpone querella contra taxista que atropello a trabajador en servicentro"},"content":{"rendered":"<p>La compa\u00f1\u00eda Copec interpuso una querella criminal ante el 7\u00b0 Juzgado de Garant\u00eda de Santiago tras el intento de asesinato de un trabajador por parte de un taxista en un servicentro del centro de la capital. El hecho ocurri\u00f3 el pasado 22 de diciembre.<\/p>\n<p>Seg\u00fan los antecedentes expuestos, el incidente se produjo cerca de la 1:20 de la madrugada del 22 de diciembre de 2025. En el servicio ubicado en calle Nataniel Cox, un taxista lleg\u00f3 al sector de lavado de veh\u00edculos donde se encontraba la v\u00edctima.<\/p>\n<p>A ra\u00edz de una solicitud previa para disminuir el volumen de m\u00fasica que escuchaba en su veh\u00edculo, el taxista reaccion\u00f3 desproporcionadamente. Luego, aprovechando que el trabajador no estaba a resguardo, el conductor realiz\u00f3 una maniobra agresiva que result\u00f3 en un atropello a gran velocidad.<\/p>\n<p>Tras el impacto, el taxista escap\u00f3 del lugar. El trabajador result\u00f3 con contusi\u00f3n en la pierna y en el codo derecho, siendo trasladado posteriormente a un centro asistencial.<\/p>\n<p>La querella judicial solicit\u00f3 al tribunal revisar las c\u00e1maras de seguridad del servicio para identificar responsables y realizar diligencias pertinentes. Se pidi\u00f3 tambi\u00e9n tomar declaraci\u00f3n en calidad de v\u00edctima al trabajador y citar al taxista como imputado.<\/p>\n<p>Es importante destacar que, aunque el funcionario sobrevivi\u00f3, en 2025 Copec lament\u00f3 la p\u00e9rdida de tres trabajadores por distintos hechos. Uno falleci\u00f3 a tiros en Pedro Aguirre Cerda a fines de octubre, cuando intentaba ayudar a un compa\u00f1ero en una discusi\u00f3n en una estaci\u00f3n de servicio. En mayo del mismo a\u00f1o, un conductor ebrio choc\u00f3 contra un minimarket Pronto Express causando la muerte de dos funcionarios.<\/p>\n","protected":false},"excerpt":{"rendered":"<p>La compa\u00f1\u00eda Copec interpuso una querella criminal ante el 7\u00b0 Juzgado de Garant\u00eda de Santiago tras el intento de asesinato de un trabajador por parte de un taxista en un servicentro del centro de la capital. El hecho ocurri\u00f3 el pasado 22 de diciembre. Seg\u00fan los antecedentes expuestos, el incidente se produjo cerca de la [&hellip;]<\/p>\n","protected":false},"author":2,"featured_media":22884,"comment_status":"closed","ping_status":"open","sticky":false,"template":"","format":"standard","meta":{"_jetpack_memberships_contains_paid_content":false,"jnews-multi-image_gallery":[],"jnews_single_post":[],"jnews_primary_category":[],"jnews_social_meta":[],"jnews_paywall_metabox":[],"jnews_review":[],"enable_review":"","type":"","name":"","summary":"","brand":"","sku":"","good":[],"bad":[],"score_override":"","override_value":"","rating":[],"price":[],"jnews_override_counter":[],"jnews_post_split":[],"footnotes":""},"categories":[21],"tags":[],"class_list":["post-22885","post","type-post","status-publish","format-standard","has-post-thumbnail","hentry","category-nacional"],"jetpack_featured_media_url":"https:\/\/laserenaradio.cl\/web\/wp-content\/uploads\/2026\/01\/mediapiaiextstaticimg_webptrabajadorCopecquerella_1.webp","jetpack_sharing_enabled":true,"_links":{"self":[{"href":"https:\/\/laserenaradio.cl\/web\/wp-json\/wp\/v2\/posts\/22885","targetHints":{"allow":["GET"]}}],"collection":[{"href":"https:\/\/laserenaradio.cl\/web\/wp-json\/wp\/v2\/posts"}],"about":[{"href":"https:\/\/laserenaradio.cl\/web\/wp-json\/wp\/v2\/types\/post"}],"author":[{"embeddable":true,"href":"https:\/\/laserenaradio.cl\/web\/wp-json\/wp\/v2\/users\/2"}],"replies":[{"embeddable":true,"href":"https:\/\/laserenaradio.cl\/web\/wp-json\/wp\/v2\/comments?post=22885"}],"version-history":[{"count":1,"href":"https:\/\/laserenaradio.cl\/web\/wp-json\/wp\/v2\/posts\/22885\/revisions"}],"predecessor-version":[{"id":22886,"href":"https:\/\/laserenaradio.cl\/web\/wp-json\/wp\/v2\/posts\/22885\/revisions\/22886"}],"wp:featuredmedia":[{"embeddable":true,"href":"https:\/\/laserenaradio.cl\/web\/wp-json\/wp\/v2\/media\/22884"}],"wp:attachment":[{"href":"https:\/\/laserenaradio.cl\/web\/wp-json\/wp\/v2\/media?parent=22885"}],"wp:term":[{"taxonomy":"category","embeddable":true,"href":"https:\/\/laserenaradio.cl\/web\/wp-json\/wp\/v2\/categories?post=22885"},{"taxonomy":"post_tag","embeddable":true,"href":"https:\/\/laserenaradio.cl\/web\/wp-json\/wp\/v2\/tags?post=22885"}],"curies":[{"name":"wp","href":"https:\/\/api.w.org\/{rel}","templated":true}]}}