{"id":22882,"date":"2026-01-22T18:42:35","date_gmt":"2026-01-22T21:42:35","guid":{"rendered":"https:\/\/laserenaradio.cl\/web\/?p=22882"},"modified":"2026-01-22T18:42:35","modified_gmt":"2026-01-22T21:42:35","slug":"alerta-alimentaria-por-posible-contaminacion-en-productos-infantiles-alula-y-lactalis","status":"publish","type":"post","link":"https:\/\/laserenaradio.cl\/web\/2026\/01\/22\/alerta-alimentaria-por-posible-contaminacion-en-productos-infantiles-alula-y-lactalis\/","title":{"rendered":"Alerta alimentaria por posible contaminaci\u00f3n en productos infantiles Alula y Lactalis."},"content":{"rendered":"<p>El <a href=\"http:\/\/www.minsal.cl\/\">Ministerio de Salud<\/a> emiti\u00f3 una alerta alimentaria sobre productos marca Alula debido a riesgos de contaminaci\u00f3n por la toxina cereulida producida por Bacillus cereus. Se advierte no consumir estos productos.<\/p>\n<p>Esta advertencia se produce en el contexto del retiro internacional anunciado esta semana por el grupo l\u00e1cteo franc\u00e9s Lactalis, que inform\u00f3 la salida del mercado de lotes de f\u00f3rmulas infantiles en al menos 18 pa\u00edses, entre ellos Chile. La presencia de cereulida en dichos lotes motiv\u00f3 este retiro.<\/p>\n<p>La autoridad sanitaria indica que estos productos contienen una toxina asociada a brotes de intoxicaci\u00f3n alimentaria de tipo em\u00e9tico (v\u00f3mitos). Esta es la segunda advertencia emitida, ya que a principios de mes tambi\u00e9n se emiti\u00f3 un retiro de productos de nutrici\u00f3n infantil de Nestl\u00e9 debido a la misma toxina.<\/p>\n<p>Seg\u00fan las autoridades, estos son los lotes afectados: Alula Gold<\/p>\n<p>La Autoridad Sanitaria est\u00e1 realizando las gestiones para tomar medidas sanitarias respectivas, entre ellas, evitar la distribuci\u00f3n o comercializaci\u00f3n de los productos involucrados.<\/p>\n<p>La intoxicaci\u00f3n por cereulida se caracteriza principalmente por n\u00e1useas intensas, v\u00f3mitos repetidos y de inicio r\u00e1pido, as\u00ed como dolor abdominal. Si alguno ha consumido un producto de estos lotes y presenta s\u00edntomas compatibles con manifestaciones cl\u00ednicas, se recomienda acudir a un centro de salud correspondiente.<\/p>\n","protected":false},"excerpt":{"rendered":"<p>El Ministerio de Salud emiti\u00f3 una alerta alimentaria sobre productos marca Alula debido a riesgos de contaminaci\u00f3n por la toxina cereulida producida por Bacillus cereus. Se advierte no consumir estos productos. Esta advertencia se produce en el contexto del retiro internacional anunciado esta semana por el grupo l\u00e1cteo franc\u00e9s Lactalis, que inform\u00f3 la salida del [&hellip;]<\/p>\n","protected":false},"author":2,"featured_media":9078,"comment_status":"closed","ping_status":"open","sticky":false,"template":"","format":"standard","meta":{"_jetpack_memberships_contains_paid_content":false,"jnews-multi-image_gallery":[],"jnews_single_post":[],"jnews_primary_category":[],"jnews_social_meta":[],"jnews_paywall_metabox":[],"jnews_review":[],"enable_review":"","type":"","name":"","summary":"","brand":"","sku":"","good":[],"bad":[],"score_override":"","override_value":"","rating":[],"price":[],"jnews_override_counter":[],"jnews_post_split":[],"footnotes":""},"categories":[21],"tags":[],"class_list":["post-22882","post","type-post","status-publish","format-standard","has-post-thumbnail","hentry","category-nacional"],"jetpack_featured_media_url":"https:\/\/laserenaradio.cl\/web\/wp-content\/uploads\/2024\/12\/laserenaradio_ultimo_minuto.webp","jetpack_sharing_enabled":true,"_links":{"self":[{"href":"https:\/\/laserenaradio.cl\/web\/wp-json\/wp\/v2\/posts\/22882","targetHints":{"allow":["GET"]}}],"collection":[{"href":"https:\/\/laserenaradio.cl\/web\/wp-json\/wp\/v2\/posts"}],"about":[{"href":"https:\/\/laserenaradio.cl\/web\/wp-json\/wp\/v2\/types\/post"}],"author":[{"embeddable":true,"href":"https:\/\/laserenaradio.cl\/web\/wp-json\/wp\/v2\/users\/2"}],"replies":[{"embeddable":true,"href":"https:\/\/laserenaradio.cl\/web\/wp-json\/wp\/v2\/comments?post=22882"}],"version-history":[{"count":1,"href":"https:\/\/laserenaradio.cl\/web\/wp-json\/wp\/v2\/posts\/22882\/revisions"}],"predecessor-version":[{"id":22883,"href":"https:\/\/laserenaradio.cl\/web\/wp-json\/wp\/v2\/posts\/22882\/revisions\/22883"}],"wp:featuredmedia":[{"embeddable":true,"href":"https:\/\/laserenaradio.cl\/web\/wp-json\/wp\/v2\/media\/9078"}],"wp:attachment":[{"href":"https:\/\/laserenaradio.cl\/web\/wp-json\/wp\/v2\/media?parent=22882"}],"wp:term":[{"taxonomy":"category","embeddable":true,"href":"https:\/\/laserenaradio.cl\/web\/wp-json\/wp\/v2\/categories?post=22882"},{"taxonomy":"post_tag","embeddable":true,"href":"https:\/\/laserenaradio.cl\/web\/wp-json\/wp\/v2\/tags?post=22882"}],"curies":[{"name":"wp","href":"https:\/\/api.w.org\/{rel}","templated":true}]}}