{"id":22875,"date":"2026-01-22T18:30:19","date_gmt":"2026-01-22T21:30:19","guid":{"rendered":"https:\/\/laserenaradio.cl\/web\/?p=22875"},"modified":"2026-01-22T18:30:19","modified_gmt":"2026-01-22T21:30:19","slug":"alerta-sanitaria-extendida-a-la-araucania-por-incendios-forestales","status":"publish","type":"post","link":"https:\/\/laserenaradio.cl\/web\/2026\/01\/22\/alerta-sanitaria-extendida-a-la-araucania-por-incendios-forestales\/","title":{"rendered":"Alerta Sanitaria extendida a La Araucan\u00eda por incendios forestales."},"content":{"rendered":"<p>Esta tarde de jueves, el <a href=\"http:\/\/www.minsal.cl\/\">Ministerio de Salud<\/a> extendi\u00f3 la Alerta Sanitaria a la regi\u00f3n de La Araucan\u00eda. En este contexto, los incendios forestales que afectan la zona representan un serio desaf\u00edo para la poblaci\u00f3n. Dicha medida, oficializada mediante un decreto firmado por la autoridad sanitaria, permite enfrentar los efectos en la salud provocados por los siniestros y reforzar la red asistencial local.<\/p>\n<p>Considerando que al <a href=\"http:\/\/www.minsal.cl\/\">Ministerio de Salud<\/a> le compete garantizar el acceso a las acciones de promoci\u00f3n, protecci\u00f3n, recuperaci\u00f3n y rehabilitaci\u00f3n de la salud; esta medida busca coordinar y controlar los servicios sanitarios afectados. Adem\u00e1s, el decreto se\u00f1ala que la cartera del Estado est\u00e1 encargada de vigilar la salud p\u00fablica en situaciones como estas.<\/p>\n<p>Asimismo, el Ministerio tiene la capacidad de adoptar medidas y declarar emergencias sanitarias ante amenazas a la salud, tales como epidemias o aumento notable de enfermedades. En este caso, la situaci\u00f3n de La Araucan\u00eda pone a prueba su funci\u00f3n en coordinaci\u00f3n con otras entidades para brindar atenci\u00f3n m\u00e9dica adecuada y garantizar el bienestar de los habitantes.<\/p>\n","protected":false},"excerpt":{"rendered":"<p>Esta tarde de jueves, el Ministerio de Salud extendi\u00f3 la Alerta Sanitaria a la regi\u00f3n de La Araucan\u00eda. En este contexto, los incendios forestales que afectan la zona representan un serio desaf\u00edo para la poblaci\u00f3n. Dicha medida, oficializada mediante un decreto firmado por la autoridad sanitaria, permite enfrentar los efectos en la salud provocados por [&hellip;]<\/p>\n","protected":false},"author":2,"featured_media":9076,"comment_status":"closed","ping_status":"open","sticky":false,"template":"","format":"standard","meta":{"_jetpack_memberships_contains_paid_content":false,"jnews-multi-image_gallery":[],"jnews_single_post":[],"jnews_primary_category":[],"jnews_social_meta":[],"jnews_paywall_metabox":[],"jnews_review":[],"enable_review":"","type":"","name":"","summary":"","brand":"","sku":"","good":[],"bad":[],"score_override":"","override_value":"","rating":[],"price":[],"jnews_override_counter":[],"jnews_post_split":[],"footnotes":""},"categories":[21],"tags":[],"class_list":["post-22875","post","type-post","status-publish","format-standard","has-post-thumbnail","hentry","category-nacional"],"jetpack_featured_media_url":"https:\/\/laserenaradio.cl\/web\/wp-content\/uploads\/2024\/12\/laserenaradio_nacional.webp","jetpack_sharing_enabled":true,"_links":{"self":[{"href":"https:\/\/laserenaradio.cl\/web\/wp-json\/wp\/v2\/posts\/22875","targetHints":{"allow":["GET"]}}],"collection":[{"href":"https:\/\/laserenaradio.cl\/web\/wp-json\/wp\/v2\/posts"}],"about":[{"href":"https:\/\/laserenaradio.cl\/web\/wp-json\/wp\/v2\/types\/post"}],"author":[{"embeddable":true,"href":"https:\/\/laserenaradio.cl\/web\/wp-json\/wp\/v2\/users\/2"}],"replies":[{"embeddable":true,"href":"https:\/\/laserenaradio.cl\/web\/wp-json\/wp\/v2\/comments?post=22875"}],"version-history":[{"count":1,"href":"https:\/\/laserenaradio.cl\/web\/wp-json\/wp\/v2\/posts\/22875\/revisions"}],"predecessor-version":[{"id":22876,"href":"https:\/\/laserenaradio.cl\/web\/wp-json\/wp\/v2\/posts\/22875\/revisions\/22876"}],"wp:featuredmedia":[{"embeddable":true,"href":"https:\/\/laserenaradio.cl\/web\/wp-json\/wp\/v2\/media\/9076"}],"wp:attachment":[{"href":"https:\/\/laserenaradio.cl\/web\/wp-json\/wp\/v2\/media?parent=22875"}],"wp:term":[{"taxonomy":"category","embeddable":true,"href":"https:\/\/laserenaradio.cl\/web\/wp-json\/wp\/v2\/categories?post=22875"},{"taxonomy":"post_tag","embeddable":true,"href":"https:\/\/laserenaradio.cl\/web\/wp-json\/wp\/v2\/tags?post=22875"}],"curies":[{"name":"wp","href":"https:\/\/api.w.org\/{rel}","templated":true}]}}