{"id":22870,"date":"2026-01-22T15:16:53","date_gmt":"2026-01-22T18:16:53","guid":{"rendered":"https:\/\/laserenaradio.cl\/web\/?p=22870"},"modified":"2026-01-22T15:16:53","modified_gmt":"2026-01-22T18:16:53","slug":"declaran-duelo-nacional-por-incendios-forestales","status":"publish","type":"post","link":"https:\/\/laserenaradio.cl\/web\/2026\/01\/22\/declaran-duelo-nacional-por-incendios-forestales\/","title":{"rendered":"Declaran duelo nacional por incendios forestales"},"content":{"rendered":"<p>El presidente Gabriel Boric decret\u00f3 dos d\u00edas de duelo nacional por los incendios forestales que han devastado B\u00edo B\u00edo y \u00d1uble. En medio del profundo dolor causado por esta cat\u00e1strofe, se honrar\u00e1n la memoria de las 21 v\u00edctimas fatales. <\/p>\n<p>\u201cEn nombre del pa\u00eds, he decidido decretar dos d\u00edas de duelo nacional para hoy jueves 22 y ma\u00f1ana viernes 23 de enero, con el fin de expresar nuestra solidaridad y dolor compartido\u201d, indic\u00f3 Boric. <\/p>\n<p>Las condolencias m\u00e1s sinceras se extienden a las familias, seres queridos y vecinos afectados por esta tragedia. Todo Chile est\u00e1 con ustedes en este momento dif\u00edcil.<\/p>\n","protected":false},"excerpt":{"rendered":"<p>El presidente Gabriel Boric decret\u00f3 dos d\u00edas de duelo nacional por los incendios forestales que han devastado B\u00edo B\u00edo y \u00d1uble. En medio del profundo dolor causado por esta cat\u00e1strofe, se honrar\u00e1n la memoria de las 21 v\u00edctimas fatales. \u201cEn nombre del pa\u00eds, he decidido decretar dos d\u00edas de duelo nacional para hoy jueves 22 [&hellip;]<\/p>\n","protected":false},"author":2,"featured_media":22869,"comment_status":"closed","ping_status":"open","sticky":false,"template":"","format":"standard","meta":{"_jetpack_memberships_contains_paid_content":false,"jnews-multi-image_gallery":[],"jnews_single_post":[],"jnews_primary_category":[],"jnews_social_meta":[],"jnews_paywall_metabox":[],"jnews_review":[],"enable_review":"","type":"","name":"","summary":"","brand":"","sku":"","good":[],"bad":[],"score_override":"","override_value":"","rating":[],"price":[],"jnews_override_counter":[],"jnews_post_split":[],"footnotes":""},"categories":[21],"tags":[],"class_list":["post-22870","post","type-post","status-publish","format-standard","has-post-thumbnail","hentry","category-nacional"],"jetpack_featured_media_url":"https:\/\/laserenaradio.cl\/web\/wp-content\/uploads\/2026\/01\/mediapiaiextstaticimg_webpnacionalincendiosforestales_0.webp","jetpack_sharing_enabled":true,"_links":{"self":[{"href":"https:\/\/laserenaradio.cl\/web\/wp-json\/wp\/v2\/posts\/22870","targetHints":{"allow":["GET"]}}],"collection":[{"href":"https:\/\/laserenaradio.cl\/web\/wp-json\/wp\/v2\/posts"}],"about":[{"href":"https:\/\/laserenaradio.cl\/web\/wp-json\/wp\/v2\/types\/post"}],"author":[{"embeddable":true,"href":"https:\/\/laserenaradio.cl\/web\/wp-json\/wp\/v2\/users\/2"}],"replies":[{"embeddable":true,"href":"https:\/\/laserenaradio.cl\/web\/wp-json\/wp\/v2\/comments?post=22870"}],"version-history":[{"count":1,"href":"https:\/\/laserenaradio.cl\/web\/wp-json\/wp\/v2\/posts\/22870\/revisions"}],"predecessor-version":[{"id":22871,"href":"https:\/\/laserenaradio.cl\/web\/wp-json\/wp\/v2\/posts\/22870\/revisions\/22871"}],"wp:featuredmedia":[{"embeddable":true,"href":"https:\/\/laserenaradio.cl\/web\/wp-json\/wp\/v2\/media\/22869"}],"wp:attachment":[{"href":"https:\/\/laserenaradio.cl\/web\/wp-json\/wp\/v2\/media?parent=22870"}],"wp:term":[{"taxonomy":"category","embeddable":true,"href":"https:\/\/laserenaradio.cl\/web\/wp-json\/wp\/v2\/categories?post=22870"},{"taxonomy":"post_tag","embeddable":true,"href":"https:\/\/laserenaradio.cl\/web\/wp-json\/wp\/v2\/tags?post=22870"}],"curies":[{"name":"wp","href":"https:\/\/api.w.org\/{rel}","templated":true}]}}