{"id":22867,"date":"2026-01-22T15:15:13","date_gmt":"2026-01-22T18:15:13","guid":{"rendered":"https:\/\/laserenaradio.cl\/web\/?p=22867"},"modified":"2026-01-22T15:15:13","modified_gmt":"2026-01-22T18:15:13","slug":"comienzan-obras-de-reconstruccion-tras-incendios-en-concepcion","status":"publish","type":"post","link":"https:\/\/laserenaradio.cl\/web\/2026\/01\/22\/comienzan-obras-de-reconstruccion-tras-incendios-en-concepcion\/","title":{"rendered":"Comienzan obras de reconstrucci\u00f3n tras incendios en Concepci\u00f3n"},"content":{"rendered":"<p>Los equipos de emergencia contin\u00faan combatiendo los focos de fuego activo en la Regi\u00f3n del Biob\u00edo. La municipalidad de Concepci\u00f3n instal\u00f3 las primeras viviendas de emergencia para familias damnificadas, mientras que el Gobierno Regional aprob\u00f3 un marco presupuestario de $32 mil millones para la reconstrucci\u00f3n.<\/p>\n<p>El alcalde H\u00e9ctor Mu\u00f1oz destac\u00f3 la celeridad en las obras, resultado del trabajo coordinado entre despeje y limpieza. &#8220;Sacamos los escombros con maquinaria pesada, hicimos la ficha FIBE y ma\u00f1ana ya instalamos las primeras cinco casas&#8221;, afirm\u00f3 el edil.<\/p>\n<p>El Gobierno Regional autoriz\u00f3 $2.359 millones para uso inmediato, al margen de la Ley de Fondos de Emergencia, sum\u00e1ndose a los $32 mil millones destinados a vivienda, fomento productivo y recuperaci\u00f3n de infraestructura cr\u00edtica. El gobernador regional, Sergio Giacaman, asegur\u00f3 que esos fondos estar\u00e1n inmediatamente disponibles para abordar la emergencia.<\/p>\n<p>Las labores de remoci\u00f3n avanzan lentamente, con operativos en Lirqu\u00e9n (Penco) y Punta de Parra (Tom\u00e9). El Ministerio P\u00fablico, las polic\u00edas y el <a href=\"http:\/\/www.sml.gob.cl\/\">Servicio M\u00e9dico Legal<\/a> buscan identificar nuevas v\u00edctimas fatales entre los escombros. Tras esto, se podr\u00e1 remover material y comenzar a reconstruir.<\/p>\n<p>La C\u00e1mara Chilena de la Construcci\u00f3n activ\u00f3 su protocolo nacional para la fase de limpieza y reconstrucci\u00f3n. Se han desplegado maquinarias pesadas en sectores cr\u00edticos como Las Pataguas, en Concepci\u00f3n, y &#8220;Juan Riquelme&#8221;, un sector rural colindante.<\/p>\n<p>Ram\u00f3n Gonz\u00e1lez, vicepresidente del gremio en Concepci\u00f3n, indic\u00f3 que las acciones est\u00e1n coordinadas con autoridades. &#8220;Ya estamos coordinando todas nuestras operaciones en los diferentes lugares afectados y nos hemos puesto a disposici\u00f3n de la autoridad para llegar con ayuda a los sectores damnificados&#8221;, expres\u00f3.<\/p>\n<p>La CChC inici\u00f3 mesas de trabajo con Serviu Biob\u00edo para planificar asistencia t\u00e9cnica en subsidios, dise\u00f1o de reconstrucci\u00f3n con mejores est\u00e1ndares y activaci\u00f3n de planes de ayuda social para trabajadores afectados.<\/p>\n","protected":false},"excerpt":{"rendered":"<p>Los equipos de emergencia contin\u00faan combatiendo los focos de fuego activo en la Regi\u00f3n del Biob\u00edo. La municipalidad de Concepci\u00f3n instal\u00f3 las primeras viviendas de emergencia para familias damnificadas, mientras que el Gobierno Regional aprob\u00f3 un marco presupuestario de $32 mil millones para la reconstrucci\u00f3n. El alcalde H\u00e9ctor Mu\u00f1oz destac\u00f3 la celeridad en las obras, [&hellip;]<\/p>\n","protected":false},"author":2,"featured_media":9076,"comment_status":"closed","ping_status":"open","sticky":false,"template":"","format":"standard","meta":{"_jetpack_memberships_contains_paid_content":false,"jnews-multi-image_gallery":[],"jnews_single_post":[],"jnews_primary_category":[],"jnews_social_meta":[],"jnews_paywall_metabox":[],"jnews_review":[],"enable_review":"","type":"","name":"","summary":"","brand":"","sku":"","good":[],"bad":[],"score_override":"","override_value":"","rating":[],"price":[],"jnews_override_counter":[],"jnews_post_split":[],"footnotes":""},"categories":[21],"tags":[],"class_list":["post-22867","post","type-post","status-publish","format-standard","has-post-thumbnail","hentry","category-nacional"],"jetpack_featured_media_url":"https:\/\/laserenaradio.cl\/web\/wp-content\/uploads\/2024\/12\/laserenaradio_nacional.webp","jetpack_sharing_enabled":true,"_links":{"self":[{"href":"https:\/\/laserenaradio.cl\/web\/wp-json\/wp\/v2\/posts\/22867","targetHints":{"allow":["GET"]}}],"collection":[{"href":"https:\/\/laserenaradio.cl\/web\/wp-json\/wp\/v2\/posts"}],"about":[{"href":"https:\/\/laserenaradio.cl\/web\/wp-json\/wp\/v2\/types\/post"}],"author":[{"embeddable":true,"href":"https:\/\/laserenaradio.cl\/web\/wp-json\/wp\/v2\/users\/2"}],"replies":[{"embeddable":true,"href":"https:\/\/laserenaradio.cl\/web\/wp-json\/wp\/v2\/comments?post=22867"}],"version-history":[{"count":1,"href":"https:\/\/laserenaradio.cl\/web\/wp-json\/wp\/v2\/posts\/22867\/revisions"}],"predecessor-version":[{"id":22868,"href":"https:\/\/laserenaradio.cl\/web\/wp-json\/wp\/v2\/posts\/22867\/revisions\/22868"}],"wp:featuredmedia":[{"embeddable":true,"href":"https:\/\/laserenaradio.cl\/web\/wp-json\/wp\/v2\/media\/9076"}],"wp:attachment":[{"href":"https:\/\/laserenaradio.cl\/web\/wp-json\/wp\/v2\/media?parent=22867"}],"wp:term":[{"taxonomy":"category","embeddable":true,"href":"https:\/\/laserenaradio.cl\/web\/wp-json\/wp\/v2\/categories?post=22867"},{"taxonomy":"post_tag","embeddable":true,"href":"https:\/\/laserenaradio.cl\/web\/wp-json\/wp\/v2\/tags?post=22867"}],"curies":[{"name":"wp","href":"https:\/\/api.w.org\/{rel}","templated":true}]}}