{"id":22863,"date":"2026-01-22T15:07:52","date_gmt":"2026-01-22T18:07:52","guid":{"rendered":"https:\/\/laserenaradio.cl\/web\/?p=22863"},"modified":"2026-01-22T15:07:52","modified_gmt":"2026-01-22T18:07:52","slug":"banco-de-chile-y-desafio-activan-campana-para-reconstruir-biobio","status":"publish","type":"post","link":"https:\/\/laserenaradio.cl\/web\/2026\/01\/22\/banco-de-chile-y-desafio-activan-campana-para-reconstruir-biobio\/","title":{"rendered":"Banco de Chile y Desaf\u00edo activan campa\u00f1a para reconstruir Biob\u00edo."},"content":{"rendered":"<p>Ante la devastaci\u00f3n y necesidad urgente de poner a la Regi\u00f3n del Biob\u00edo de pie, Desaf\u00edo Levantemos Chile y el Banco de Chile activaron una campa\u00f1a de recaudaci\u00f3n de fondos, con una meta inicial de $20 mil millones. El despliegue, que cuenta con la coordinaci\u00f3n de la Gobernaci\u00f3n Regional y los municipios afectados, se ha puesto como meta prioritaria la reconstrucci\u00f3n de la escuela de Punta de Parra antes del mes de marzo.<\/p>\n<p>La zona, una de las m\u00e1s afectadas en la comuna de Tom\u00e9, enfrenta un escenario que las autoridades han calificado como &#8220;desolador&#8221;, con dos fallecidos y m\u00e1s de 1.000 viviendas destruidas, seg\u00fan las cifras conocidas tras los operativos para catastrar la destrucci\u00f3n y recuperar cuerpos.<\/p>\n<p>Nicol\u00e1s Birrell, presidente de Desaf\u00edo Levantemos Chile, enfatiz\u00f3 que la magnitud de la cat\u00e1strofe exige una colaboraci\u00f3n transversal entre entidades p\u00fablicas, privadas y la sociedad civil. &#8220;La devastaci\u00f3n en esta zona es total y lo que se requiere es una ayuda coordinada y espec\u00edfica. Es por eso que estamos coordinados con nuestro socio principal, el Banco de Chile, para ir en ayuda directa de las necesidades m\u00e1s inmediatas&#8221;, declar\u00f3.<\/p>\n<p>Coment\u00f3 adem\u00e1s que se estableci\u00f3 una alianza estrat\u00e9gica con la Gobernaci\u00f3n, liderada por Sergio Giacaman, y los alcaldes de las zonas afectadas. &#8220;Solamente si trabajamos unidos, articulados y con voluntad pol\u00edtica vamos a hacer de esta reconstrucci\u00f3n un ejemplo de colaboraci\u00f3n p\u00fablico y privada&#8221;, agreg\u00f3, haciendo un llamado abierto a gremios y otras compa\u00f1\u00edas a sumarse a la cruzada.<\/p>\n<p>Uno de los puntos cr\u00edticos de la reconstrucci\u00f3n es la infraestructura educacional. El presidente de Desaf\u00edo confirm\u00f3 el compromiso de la fundaci\u00f3n para reconstruir la escuela del sector, infraestructura clave para la comunidad. &#8220;Esta escuela necesita una reconstrucci\u00f3n temprana. Necesitamos partir las clases en marzo y es por eso que vamos a seguir empujando con fuerza, tanto para las viviendas como para los servicios p\u00fablicos&#8221;, afirm\u00f3 Birrell, quien detall\u00f3 que ya se est\u00e1 realizando el cruce de informaci\u00f3n y catastro para evitar duplicidad de ayudas y ser eficientes en el gasto.<\/p>\n<p>El alcalde de Tom\u00e9, \u00cdtalo C\u00e1ceres, valor\u00f3 el apoyo pero advirti\u00f3 sobre los costos reales de la reconstrucci\u00f3n. &#8220;Efectivamente, yo creo que con $20 mil millones quedar\u00edamos cortos, porque solamente la escuela sali\u00f3 $3 mil millones en construirla&#8221;, explic\u00f3 el edil, subrayando que la reconstrucci\u00f3n no es s\u00f3lo de &#8220;techos&#8221;, sino de una comunidad tur\u00edstica y de emprendedores que lo perdi\u00f3 todo.<\/p>\n<p>Por su parte, el gobernador Sergio Giacaman entreg\u00f3 un mensaje de resiliencia regional. &#8220;La capacidad de despliegue hace posible creer que podemos volver a levantarnos. La regi\u00f3n ha sufrido una cat\u00e1strofe brutal, es devastador, pero esto nos da una luz de esperanza y el Biob\u00edo se volver\u00e1 a levantar, igual que en 2010&#8221;.<\/p>\n<p>Mar\u00eda Victoria Martabit, gerenta de Asuntos Corporativos del Banco de Chile, indic\u00f3 que la instituci\u00f3n ha puesto a disposici\u00f3n todos sus canales digitales y f\u00edsicos para la recaudaci\u00f3n, enfatizando la transparencia del proceso. &#8220;Entendemos que la colaboraci\u00f3n p\u00fablica y privada es fundamental (&#8230;) El Banco de Chile tiene una vocaci\u00f3n de servicio y vamos a seguir en la zona apoyando tanto al gobernador como los alcaldes en todo lo que requieran&#8221;, sostuvo la ejecutiva, quien adem\u00e1s extendi\u00f3 a otras instituciones financieras la invitaci\u00f3n a unirse, recalcando que ante una cat\u00e1strofe nacional, la competencia queda de lado.<\/p>\n<p>La campa\u00f1a tendr\u00e1 como destino la reconstrucci\u00f3n, adem\u00e1s de la escuela, de viviendas y financiar apoyo para emprendedores y operativos de salud para las familias afectadas. En una se\u00f1al de transparencia con quienes realicen aportes econ\u00f3micos, Desaf\u00edo Levantemos Chile comprometi\u00f3 entregar detalles peri\u00f3dicos del gasto con los recursos recaudados.<\/p>\n","protected":false},"excerpt":{"rendered":"<p>Ante la devastaci\u00f3n y necesidad urgente de poner a la Regi\u00f3n del Biob\u00edo de pie, Desaf\u00edo Levantemos Chile y el Banco de Chile activaron una campa\u00f1a de recaudaci\u00f3n de fondos, con una meta inicial de $20 mil millones. El despliegue, que cuenta con la coordinaci\u00f3n de la Gobernaci\u00f3n Regional y los municipios afectados, se ha [&hellip;]<\/p>\n","protected":false},"author":2,"featured_media":22862,"comment_status":"closed","ping_status":"open","sticky":false,"template":"","format":"standard","meta":{"_jetpack_memberships_contains_paid_content":false,"jnews-multi-image_gallery":[],"jnews_single_post":[],"jnews_primary_category":[],"jnews_social_meta":[],"jnews_paywall_metabox":[],"jnews_review":[],"enable_review":"","type":"","name":"","summary":"","brand":"","sku":"","good":[],"bad":[],"score_override":"","override_value":"","rating":[],"price":[],"jnews_override_counter":[],"jnews_post_split":[],"footnotes":""},"categories":[21],"tags":[],"class_list":["post-22863","post","type-post","status-publish","format-standard","has-post-thumbnail","hentry","category-nacional"],"jetpack_featured_media_url":"https:\/\/laserenaradio.cl\/web\/wp-content\/uploads\/2026\/01\/mediapiaiextstaticimg_webpChileescuelaBancoLevantemosChile_1.webp","jetpack_sharing_enabled":true,"_links":{"self":[{"href":"https:\/\/laserenaradio.cl\/web\/wp-json\/wp\/v2\/posts\/22863","targetHints":{"allow":["GET"]}}],"collection":[{"href":"https:\/\/laserenaradio.cl\/web\/wp-json\/wp\/v2\/posts"}],"about":[{"href":"https:\/\/laserenaradio.cl\/web\/wp-json\/wp\/v2\/types\/post"}],"author":[{"embeddable":true,"href":"https:\/\/laserenaradio.cl\/web\/wp-json\/wp\/v2\/users\/2"}],"replies":[{"embeddable":true,"href":"https:\/\/laserenaradio.cl\/web\/wp-json\/wp\/v2\/comments?post=22863"}],"version-history":[{"count":1,"href":"https:\/\/laserenaradio.cl\/web\/wp-json\/wp\/v2\/posts\/22863\/revisions"}],"predecessor-version":[{"id":22864,"href":"https:\/\/laserenaradio.cl\/web\/wp-json\/wp\/v2\/posts\/22863\/revisions\/22864"}],"wp:featuredmedia":[{"embeddable":true,"href":"https:\/\/laserenaradio.cl\/web\/wp-json\/wp\/v2\/media\/22862"}],"wp:attachment":[{"href":"https:\/\/laserenaradio.cl\/web\/wp-json\/wp\/v2\/media?parent=22863"}],"wp:term":[{"taxonomy":"category","embeddable":true,"href":"https:\/\/laserenaradio.cl\/web\/wp-json\/wp\/v2\/categories?post=22863"},{"taxonomy":"post_tag","embeddable":true,"href":"https:\/\/laserenaradio.cl\/web\/wp-json\/wp\/v2\/tags?post=22863"}],"curies":[{"name":"wp","href":"https:\/\/api.w.org\/{rel}","templated":true}]}}