{"id":22860,"date":"2026-01-22T14:36:02","date_gmt":"2026-01-22T17:36:02","guid":{"rendered":"https:\/\/laserenaradio.cl\/web\/?p=22860"},"modified":"2026-01-22T14:36:02","modified_gmt":"2026-01-22T17:36:02","slug":"el-bid-y-caf-donan-us750-000-para-mitigar-los-incendios-forestales-del-sur","status":"publish","type":"post","link":"https:\/\/laserenaradio.cl\/web\/2026\/01\/22\/el-bid-y-caf-donan-us750-000-para-mitigar-los-incendios-forestales-del-sur\/","title":{"rendered":"El BID y CAF donan US$750.000 para mitigar los incendios forestales del sur"},"content":{"rendered":"<p>El Gobierno, mediante el <a href=\"https:\/\/www.hacienda.cl\/\">Ministerio de Hacienda<\/a>, anunci\u00f3 donaciones por US$750.000 provenientes del Banco de Desarrollo de Am\u00e9rica Latina y el Caribe-CAF y del Banco Interamericano de Desarrollo (BID). Estos recursos se destinan a atender las necesidades en las regiones de \u00d1uble y B\u00edo B\u00edo, afectadas por incendios forestales que tambi\u00e9n impactaron zonas urbanas.<\/p>\n<p>Los organismos &#8220;pusieron a disposici\u00f3n&#8221; fondos para apoyar no solo las primeras acciones de emergencia, sino tambi\u00e9n la evaluaci\u00f3n de los da\u00f1os. El aporte de CAF incluye US$250.000 para las labores inmediatas del desastre, bajo administraci\u00f3n del <a href=\"https:\/\/www.interior.gob.cl\/\">Ministerio del Interior<\/a>.<\/p>\n<p>Por otro lado, el BID aporta US$500.000 divididos en dos componentes: US$350.000 destinados a asistencia de emergencia, incluyendo la provisi\u00f3n de bienes y servicios para afectados y operativos, y US$150.000 para contratar asesores y personal especializado en evaluaci\u00f3n t\u00e9cnica de las necesidades del desastre y da\u00f1os resultantes.<\/p>\n","protected":false},"excerpt":{"rendered":"<p>El Gobierno, mediante el Ministerio de Hacienda, anunci\u00f3 donaciones por US$750.000 provenientes del Banco de Desarrollo de Am\u00e9rica Latina y el Caribe-CAF y del Banco Interamericano de Desarrollo (BID). Estos recursos se destinan a atender las necesidades en las regiones de \u00d1uble y B\u00edo B\u00edo, afectadas por incendios forestales que tambi\u00e9n impactaron zonas urbanas. Los [&hellip;]<\/p>\n","protected":false},"author":2,"featured_media":22859,"comment_status":"closed","ping_status":"open","sticky":false,"template":"","format":"standard","meta":{"_jetpack_memberships_contains_paid_content":false,"jnews-multi-image_gallery":[],"jnews_single_post":[],"jnews_primary_category":[],"jnews_social_meta":[],"jnews_paywall_metabox":[],"jnews_review":[],"enable_review":"","type":"","name":"","summary":"","brand":"","sku":"","good":[],"bad":[],"score_override":"","override_value":"","rating":[],"price":[],"jnews_override_counter":[],"jnews_post_split":[],"footnotes":""},"categories":[21],"tags":[],"class_list":["post-22860","post","type-post","status-publish","format-standard","has-post-thumbnail","hentry","category-nacional"],"jetpack_featured_media_url":"https:\/\/laserenaradio.cl\/web\/wp-content\/uploads\/2026\/01\/mediapiaiextstaticimg_webpBIDCAF_1.webp","jetpack_sharing_enabled":true,"_links":{"self":[{"href":"https:\/\/laserenaradio.cl\/web\/wp-json\/wp\/v2\/posts\/22860","targetHints":{"allow":["GET"]}}],"collection":[{"href":"https:\/\/laserenaradio.cl\/web\/wp-json\/wp\/v2\/posts"}],"about":[{"href":"https:\/\/laserenaradio.cl\/web\/wp-json\/wp\/v2\/types\/post"}],"author":[{"embeddable":true,"href":"https:\/\/laserenaradio.cl\/web\/wp-json\/wp\/v2\/users\/2"}],"replies":[{"embeddable":true,"href":"https:\/\/laserenaradio.cl\/web\/wp-json\/wp\/v2\/comments?post=22860"}],"version-history":[{"count":1,"href":"https:\/\/laserenaradio.cl\/web\/wp-json\/wp\/v2\/posts\/22860\/revisions"}],"predecessor-version":[{"id":22861,"href":"https:\/\/laserenaradio.cl\/web\/wp-json\/wp\/v2\/posts\/22860\/revisions\/22861"}],"wp:featuredmedia":[{"embeddable":true,"href":"https:\/\/laserenaradio.cl\/web\/wp-json\/wp\/v2\/media\/22859"}],"wp:attachment":[{"href":"https:\/\/laserenaradio.cl\/web\/wp-json\/wp\/v2\/media?parent=22860"}],"wp:term":[{"taxonomy":"category","embeddable":true,"href":"https:\/\/laserenaradio.cl\/web\/wp-json\/wp\/v2\/categories?post=22860"},{"taxonomy":"post_tag","embeddable":true,"href":"https:\/\/laserenaradio.cl\/web\/wp-json\/wp\/v2\/tags?post=22860"}],"curies":[{"name":"wp","href":"https:\/\/api.w.org\/{rel}","templated":true}]}}